{"id":218211,"date":"2022-06-08T10:48:55","date_gmt":"2022-06-08T15:48:55","guid":{"rendered":"https:\/\/plazajuarez.mx\/?p=218211"},"modified":"2022-06-08T10:49:01","modified_gmt":"2022-06-08T15:49:01","slug":"balean-y-matan-a-un-hombre-en-tulancingo","status":"publish","type":"post","link":"https:\/\/plazajuarez.mx\/historico\/balean-y-matan-a-un-hombre-en-tulancingo\/","title":{"rendered":"Balean y matan a un hombre en Tulancingo"},"content":{"rendered":"\n<p>Tulancingo.- La noche del pasado martes 07 de junio, un hombre fue asesinado por disparos de arma de fuego, en la colonia Ahuehuetitla, por un sujeto que lo acompa\u00f1aba al interior del veh\u00edculo y huy\u00f3 en otro que ya lo esperaba.<\/p>\n\n\n\n<p>Vecinos del lugar reportaron al n\u00famero de emergencias 911, la presencia de un hombre herido por arma de fuego, al interior de un veh\u00edculo, en la calle Francisco Gonz\u00e1lez.<\/p>\n\n\n\n<p>Elementos de seguridad p\u00fablica atendieron el reporte y al arribar al sitio se\u00f1alado, localizaron un autom\u00f3vil, Chevrolet, Cavalier, color gris perla, con placas de circulaci\u00f3n del estado de Hidalgo; en cuyo interior, del lado del conductor, se encontraba el hombre con heridas de arma de fuego.<\/p>\n\n\n\n<p>Param\u00e9dicos de Cruz Roja revisaron al var\u00f3n, y confirmaron la ausencia de signos vitales, por lo que se inform\u00f3 a las autoridades correspondientes para que se iniciara la investigaci\u00f3n correspondiente.<\/p>\n\n\n\n<p>De acuerdo con las primeras indagatorias, se report\u00f3 que al interior del auto eran visibles tres casquillos de arma de fuego, presuntamente calibre 380, del lado del copiloto.<\/p>\n\n\n\n<p>Algunos vecinos de la zona refirieron que en el auto mencionado, viajaban dos masculinos, y de pronto el copiloto accion\u00f3 el arma de fuego contra el conductor, para luego descender del auto y abordar otro veh\u00edculo, al parecer un Volkswagen Jetta, que lo estaba esperando y en el cual huy\u00f3.<\/p>\n\n\n\n<p>El lugar fue acordonado por los primeros respondientes, en espera de los peritos de la Procuradur\u00eda General de Justicia de Hidalgo. Hasta el momento, se desconocen los datos de la v\u00edctima.<\/p>\n","protected":false},"excerpt":{"rendered":"<p>Tulancingo.- La noche del pasado martes 07 de junio, un hombre fue asesinado por disparos de arma de fuego, en la colonia Ahuehuetitla, por un sujeto que lo acompa\u00f1aba al interior del veh\u00edculo y huy\u00f3 en otro que ya lo esperaba. Vecinos del lugar reportaron al n\u00famero de emergencias 911, la presencia de un hombre [&hellip;]<\/p>\n","protected":false},"author":93,"featured_media":218212,"comment_status":"closed","ping_status":"closed","sticky":false,"template":"","format":"standard","meta":{"footnotes":""},"categories":[15,40],"tags":[],"class_list":["post-218211","post","type-post","status-publish","format-standard","has-post-thumbnail","hentry","category-destacadas","category-region"],"_links":{"self":[{"href":"https:\/\/plazajuarez.mx\/historico\/wp-json\/wp\/v2\/posts\/218211","targetHints":{"allow":["GET"]}}],"collection":[{"href":"https:\/\/plazajuarez.mx\/historico\/wp-json\/wp\/v2\/posts"}],"about":[{"href":"https:\/\/plazajuarez.mx\/historico\/wp-json\/wp\/v2\/types\/post"}],"author":[{"embeddable":true,"href":"https:\/\/plazajuarez.mx\/historico\/wp-json\/wp\/v2\/users\/93"}],"replies":[{"embeddable":true,"href":"https:\/\/plazajuarez.mx\/historico\/wp-json\/wp\/v2\/comments?post=218211"}],"version-history":[{"count":0,"href":"https:\/\/plazajuarez.mx\/historico\/wp-json\/wp\/v2\/posts\/218211\/revisions"}],"wp:featuredmedia":[{"embeddable":true,"href":"https:\/\/plazajuarez.mx\/historico\/wp-json\/wp\/v2\/media\/218212"}],"wp:attachment":[{"href":"https:\/\/plazajuarez.mx\/historico\/wp-json\/wp\/v2\/media?parent=218211"}],"wp:term":[{"taxonomy":"category","embeddable":true,"href":"https:\/\/plazajuarez.mx\/historico\/wp-json\/wp\/v2\/categories?post=218211"},{"taxonomy":"post_tag","embeddable":true,"href":"https:\/\/plazajuarez.mx\/historico\/wp-json\/wp\/v2\/tags?post=218211"}],"curies":[{"name":"wp","href":"https:\/\/api.w.org\/{rel}","templated":true}]}}