{"id":218207,"date":"2022-06-08T09:08:31","date_gmt":"2022-06-08T14:08:31","guid":{"rendered":"https:\/\/plazajuarez.mx\/?p=218207"},"modified":"2022-06-08T09:08:37","modified_gmt":"2022-06-08T14:08:37","slug":"vendedor-se-quito-la-vida-al-interior-de-su-local-de-verduras","status":"publish","type":"post","link":"https:\/\/plazajuarez.mx\/historico\/vendedor-se-quito-la-vida-al-interior-de-su-local-de-verduras\/","title":{"rendered":"Vendedor se quit\u00f3 la vida al interior de su local de verduras"},"content":{"rendered":"\n<p>Zapotl\u00e1n de Ju\u00e1rez.- Un hombre de 57 a\u00f1os de edad se quit\u00f3 la vida; los lamentables hechos ocurrieron en su local, donde vend\u00eda frutas y verduras, ubicado en el centro de la comunidad de Acayuca, perteneciente al municipio de Zapotl\u00e1n de Ju\u00e1rez,\u00a0<\/p>\n\n\n\n<p>Las autoridades municipales informaron que el ahora occiso resid\u00eda en el municipio de Villa de Tezontepec, por lo que acordonaron la zona, ya que no contaba con signos vitales.&nbsp;<\/p>\n\n\n\n<p>El comerciante, en vida, desde hace m\u00e1s de 20 a\u00f1os se trasladaba para abrir su negocio a las 6:00 de la ma\u00f1ana.&nbsp;<\/p>\n\n\n\n<p>Se presumi\u00f3 que ten\u00eda problemas familiares, motivo por el cual decidi\u00f3 salir por la puerta f\u00e1cil y colgarse, as\u00ed lo informaron los conocidos del occiso.&nbsp;<\/p>\n\n\n\n<p>Al lugar acudieron peritos quienes bajaron el cuerpo para que el personal del Servicio M\u00e9dico Forense (Semefo), realizara la necropsia de ley.<\/p>\n","protected":false},"excerpt":{"rendered":"<p>Zapotl\u00e1n de Ju\u00e1rez.- Un hombre de 57 a\u00f1os de edad se quit\u00f3 la vida; los lamentables hechos ocurrieron en su local, donde vend\u00eda frutas y verduras, ubicado en el centro de la comunidad de Acayuca, perteneciente al municipio de Zapotl\u00e1n de Ju\u00e1rez,\u00a0 Las autoridades municipales informaron que el ahora occiso resid\u00eda en el municipio de [&hellip;]<\/p>\n","protected":false},"author":78,"featured_media":218208,"comment_status":"closed","ping_status":"closed","sticky":false,"template":"","format":"standard","meta":{"footnotes":""},"categories":[2159,40],"tags":[],"class_list":["post-218207","post","type-post","status-publish","format-standard","has-post-thumbnail","hentry","category-noticias-de-hidalgo","category-region"],"_links":{"self":[{"href":"https:\/\/plazajuarez.mx\/historico\/wp-json\/wp\/v2\/posts\/218207","targetHints":{"allow":["GET"]}}],"collection":[{"href":"https:\/\/plazajuarez.mx\/historico\/wp-json\/wp\/v2\/posts"}],"about":[{"href":"https:\/\/plazajuarez.mx\/historico\/wp-json\/wp\/v2\/types\/post"}],"author":[{"embeddable":true,"href":"https:\/\/plazajuarez.mx\/historico\/wp-json\/wp\/v2\/users\/78"}],"replies":[{"embeddable":true,"href":"https:\/\/plazajuarez.mx\/historico\/wp-json\/wp\/v2\/comments?post=218207"}],"version-history":[{"count":0,"href":"https:\/\/plazajuarez.mx\/historico\/wp-json\/wp\/v2\/posts\/218207\/revisions"}],"wp:featuredmedia":[{"embeddable":true,"href":"https:\/\/plazajuarez.mx\/historico\/wp-json\/wp\/v2\/media\/218208"}],"wp:attachment":[{"href":"https:\/\/plazajuarez.mx\/historico\/wp-json\/wp\/v2\/media?parent=218207"}],"wp:term":[{"taxonomy":"category","embeddable":true,"href":"https:\/\/plazajuarez.mx\/historico\/wp-json\/wp\/v2\/categories?post=218207"},{"taxonomy":"post_tag","embeddable":true,"href":"https:\/\/plazajuarez.mx\/historico\/wp-json\/wp\/v2\/tags?post=218207"}],"curies":[{"name":"wp","href":"https:\/\/api.w.org\/{rel}","templated":true}]}}