{"id":218077,"date":"2022-06-07T07:55:38","date_gmt":"2022-06-07T12:55:38","guid":{"rendered":"https:\/\/plazajuarez.mx\/?p=218077"},"modified":"2022-06-07T07:55:43","modified_gmt":"2022-06-07T12:55:43","slug":"choque-frontal-deja-dos-muertos","status":"publish","type":"post","link":"https:\/\/plazajuarez.mx\/historico\/choque-frontal-deja-dos-muertos\/","title":{"rendered":"Choque frontal deja dos muertos"},"content":{"rendered":"\n<p class=\"wp-block-paragraph\">Tepeapulco.- Dos muertos fue el resultado de un choque de frente, entre una motocicleta y una camioneta. Los hechos ocurrieron antes del mediod\u00eda de ayer lunes, sobre la carretera interestatal Tepeapulco-Cuautepec, saliendo de la comunidad de Los Cides, y fuera reportado v\u00eda telef\u00f3nica por diversos automovilistas que circulaban a esa hora, a la comandancia de Seguridad P\u00fablica Municipal de Tepeapulco.<\/p>\n\n\n\n<p class=\"wp-block-paragraph\">En la llamada de auxilio, los automovilistas solicitaron la presencia de una ambulancia ya que se hab\u00eda suscitado un fuerte choque y dos personas que iban a bordo de una motocicleta estaban heridas.<\/p>\n\n\n\n<p class=\"wp-block-paragraph\">Ante la llamada de auxilio, se present\u00f3 una ambulancia con param\u00e9dicos de Protecci\u00f3n Civil del municipio de Tepeapulco, y una patrulla de la Secretar\u00eda de Seguridad P\u00fablica Municipal, quienes, al llegar al citado lugar, se percataron de la magnitud del accidente y en donde una camioneta de color negro, hab\u00eda embestido de frente a una motocicleta tipo It\u00e1lika, de color rojo con negro, en la cual viajaban dos personas del sexo masculino, los cuales estaban tirados en medio de un charco de sangre.<\/p>\n\n\n\n<p class=\"wp-block-paragraph\">Tras la llegada de los param\u00e9dicos, y al revisar a uno de los sujetos que se encontraba tirado, se percataron que ya no ten\u00eda signos vitales, ya que el fuerte choque de frente y golpes que recibi\u00f3, le ocasionaron m\u00faltiples fracturas, y una muerte de manera inmediata.<\/p>\n\n\n\n<p class=\"wp-block-paragraph\">Mientras que un segundo sujeto, el cual debido al fuerte impacto sali\u00f3 proyectado unos 10 metros del lugar del accidente, fue trasladado de urgencia a la cl\u00ednica hospital del IMSS de Ciudad Sahag\u00fan para su atenci\u00f3n m\u00e9dica, pero debido a las graves lesiones internas, este falleci\u00f3 minutos despu\u00e9s de ingresar al mencionado nosocomio.<\/p>\n\n\n\n<p class=\"wp-block-paragraph\">Por su parte los agentes policiacos detuvieron en el lugar del incidente al conductor de la camioneta marca Dodge, tipo Nitro de color negra, con una placa de circulaci\u00f3n de la Uni\u00f3n Democr\u00e1tica Campesina (UDC) como agremiado numero A-15596, y el cual respondi\u00f3 al nombre Emilio Jos\u00e9 Acevedo Avil\u00e9s, con domicilio en Celaya, Guanajuato, quien qued\u00f3 detenido.<\/p>\n","protected":false},"excerpt":{"rendered":"<p>Tepeapulco.- Dos muertos fue el resultado de un choque de frente, entre una motocicleta y una camioneta. Los hechos ocurrieron antes del mediod\u00eda de ayer lunes, sobre la carretera interestatal Tepeapulco-Cuautepec, saliendo de la comunidad de Los Cides, y fuera reportado v\u00eda telef\u00f3nica por diversos automovilistas que circulaban a esa hora, a la comandancia de [&hellip;]<\/p>\n","protected":false},"author":93,"featured_media":218078,"comment_status":"closed","ping_status":"closed","sticky":false,"template":"","format":"standard","meta":{"footnotes":""},"categories":[2159,40],"tags":[],"class_list":["post-218077","post","type-post","status-publish","format-standard","has-post-thumbnail","hentry","category-noticias-de-hidalgo","category-region"],"_links":{"self":[{"href":"https:\/\/plazajuarez.mx\/historico\/wp-json\/wp\/v2\/posts\/218077","targetHints":{"allow":["GET"]}}],"collection":[{"href":"https:\/\/plazajuarez.mx\/historico\/wp-json\/wp\/v2\/posts"}],"about":[{"href":"https:\/\/plazajuarez.mx\/historico\/wp-json\/wp\/v2\/types\/post"}],"author":[{"embeddable":true,"href":"https:\/\/plazajuarez.mx\/historico\/wp-json\/wp\/v2\/users\/93"}],"replies":[{"embeddable":true,"href":"https:\/\/plazajuarez.mx\/historico\/wp-json\/wp\/v2\/comments?post=218077"}],"version-history":[{"count":0,"href":"https:\/\/plazajuarez.mx\/historico\/wp-json\/wp\/v2\/posts\/218077\/revisions"}],"wp:featuredmedia":[{"embeddable":true,"href":"https:\/\/plazajuarez.mx\/historico\/wp-json\/wp\/v2\/media\/218078"}],"wp:attachment":[{"href":"https:\/\/plazajuarez.mx\/historico\/wp-json\/wp\/v2\/media?parent=218077"}],"wp:term":[{"taxonomy":"category","embeddable":true,"href":"https:\/\/plazajuarez.mx\/historico\/wp-json\/wp\/v2\/categories?post=218077"},{"taxonomy":"post_tag","embeddable":true,"href":"https:\/\/plazajuarez.mx\/historico\/wp-json\/wp\/v2\/tags?post=218077"}],"curies":[{"name":"wp","href":"https:\/\/api.w.org\/{rel}","templated":true}]}}