{"id":217920,"date":"2022-06-06T09:38:10","date_gmt":"2022-06-06T14:38:10","guid":{"rendered":"https:\/\/plazajuarez.mx\/?p=217920"},"modified":"2022-06-06T09:38:16","modified_gmt":"2022-06-06T14:38:16","slug":"fallecio-un-hombre-al-interior-de-una-camioneta-del-servicio-publico","status":"publish","type":"post","link":"https:\/\/plazajuarez.mx\/historico\/fallecio-un-hombre-al-interior-de-una-camioneta-del-servicio-publico\/","title":{"rendered":"Falleci\u00f3 un hombre, al interior de una camioneta del servicio p\u00fablico"},"content":{"rendered":"\n<p>La ma\u00f1ana de ayer, a las 10:45 horas se report\u00f3 al 911 de Emergencias el deceso de un masculino, al interior de una camioneta colectiva en Santiago Tulantepec.<\/p>\n\n\n\n<p>El hecho provoc\u00f3 movilizaci\u00f3n de elementos polic\u00edacos y socorristas de la regi\u00f3n.<\/p>\n\n\n\n<p>En el lugar elementos de Polic\u00eda Municipal como primeros respondientes, reportaron que tuvieron a la vista a una persona sin vida en inmediaciones del Auditorio Municipal de Santiago Tulantepec, donde se instal\u00f3 una casilla electoral del proceso a gobernador.<\/p>\n\n\n\n<p>Los oficiales indicaron que localizaron a la persona sin signos vitales, al interior de una&nbsp; camioneta de servicio p\u00fablico, marca Toyota, con placas de circulaci\u00f3n del estado de Hidalgo, de la ruta Santiago-La Joya.<\/p>\n\n\n\n<p>Param\u00e9dicos de Protecci\u00f3n Civil, certificaron el deceso de S.A.D., de 72 a\u00f1os.<\/p>\n","protected":false},"excerpt":{"rendered":"<p>La ma\u00f1ana de ayer, a las 10:45 horas se report\u00f3 al 911 de Emergencias el deceso de un masculino, al interior de una camioneta colectiva en Santiago Tulantepec. El hecho provoc\u00f3 movilizaci\u00f3n de elementos polic\u00edacos y socorristas de la regi\u00f3n. En el lugar elementos de Polic\u00eda Municipal como primeros respondientes, reportaron que tuvieron a la [&hellip;]<\/p>\n","protected":false},"author":93,"featured_media":217921,"comment_status":"closed","ping_status":"closed","sticky":false,"template":"","format":"standard","meta":{"footnotes":""},"categories":[37],"tags":[],"class_list":["post-217920","post","type-post","status-publish","format-standard","has-post-thumbnail","hentry","category-barandilla"],"_links":{"self":[{"href":"https:\/\/plazajuarez.mx\/historico\/wp-json\/wp\/v2\/posts\/217920","targetHints":{"allow":["GET"]}}],"collection":[{"href":"https:\/\/plazajuarez.mx\/historico\/wp-json\/wp\/v2\/posts"}],"about":[{"href":"https:\/\/plazajuarez.mx\/historico\/wp-json\/wp\/v2\/types\/post"}],"author":[{"embeddable":true,"href":"https:\/\/plazajuarez.mx\/historico\/wp-json\/wp\/v2\/users\/93"}],"replies":[{"embeddable":true,"href":"https:\/\/plazajuarez.mx\/historico\/wp-json\/wp\/v2\/comments?post=217920"}],"version-history":[{"count":0,"href":"https:\/\/plazajuarez.mx\/historico\/wp-json\/wp\/v2\/posts\/217920\/revisions"}],"wp:featuredmedia":[{"embeddable":true,"href":"https:\/\/plazajuarez.mx\/historico\/wp-json\/wp\/v2\/media\/217921"}],"wp:attachment":[{"href":"https:\/\/plazajuarez.mx\/historico\/wp-json\/wp\/v2\/media?parent=217920"}],"wp:term":[{"taxonomy":"category","embeddable":true,"href":"https:\/\/plazajuarez.mx\/historico\/wp-json\/wp\/v2\/categories?post=217920"},{"taxonomy":"post_tag","embeddable":true,"href":"https:\/\/plazajuarez.mx\/historico\/wp-json\/wp\/v2\/tags?post=217920"}],"curies":[{"name":"wp","href":"https:\/\/api.w.org\/{rel}","templated":true}]}}