{"id":217714,"date":"2022-06-05T13:06:05","date_gmt":"2022-06-05T18:06:05","guid":{"rendered":"https:\/\/plazajuarez.mx\/?p=217714"},"modified":"2022-06-05T13:06:12","modified_gmt":"2022-06-05T18:06:12","slug":"muere-un-hombre-en-una-camioneta-de-servicio-publico","status":"publish","type":"post","link":"https:\/\/plazajuarez.mx\/historico\/muere-un-hombre-en-una-camioneta-de-servicio-publico\/","title":{"rendered":"Muere un hombre en una camioneta de servicio p\u00fablico"},"content":{"rendered":"\n<p>Esta ma\u00f1ana al filo de las 10:45 horas se report\u00f3 al 911 de Emergencias sobre el deceso de un masculino, al interior de una camioneta colectiva en el municipio de Santiago Tulantepec.<\/p>\n\n\n\n<p>El hecho provoc\u00f3 la movilizaci\u00f3n de elementos polic\u00edacos y socorristas de la regi\u00f3n.<\/p>\n\n\n\n<p>En el lugar elementos de la Polic\u00eda Municipal en su calidad de primeros respondientes, reportaron que tuvieron a la vista a una persona sin vida en las inmediaciones del Auditorio Municipal de Santiago Tulantepec, donde se instal\u00f3 una casilla electoral del proceso para elegir al gobernador.<\/p>\n\n\n\n<p>Los oficiales indicaron que localizaron a una persona sin signos vitales, al interior de una camioneta de servicio p\u00fablico, marca Toyota, con placas de circulaci\u00f3n del estado de Hidalgo, de la ruta Santiago-La Joya.<\/p>\n\n\n\n<p>Al lugar arrib\u00f3 param\u00e9dicos de Protecci\u00f3n Civil, quienes certificaron el deceso de S.A.D., de 72 a\u00f1os.<\/p>\n\n\n\n<p>Luego de acordonar el sitio, personal de Servicios Periciales se hizo cargo del levantamiento del cuerpo y de las diligencias correspondientes.<\/p>\n","protected":false},"excerpt":{"rendered":"<p>Esta ma\u00f1ana al filo de las 10:45 horas se report\u00f3 al 911 de Emergencias sobre el deceso de un masculino, al interior de una camioneta colectiva en el municipio de Santiago Tulantepec. El hecho provoc\u00f3 la movilizaci\u00f3n de elementos polic\u00edacos y socorristas de la regi\u00f3n. En el lugar elementos de la Polic\u00eda Municipal en su [&hellip;]<\/p>\n","protected":false},"author":93,"featured_media":199754,"comment_status":"closed","ping_status":"closed","sticky":false,"template":"","format":"standard","meta":{"footnotes":""},"categories":[37],"tags":[],"class_list":["post-217714","post","type-post","status-publish","format-standard","has-post-thumbnail","hentry","category-barandilla"],"_links":{"self":[{"href":"https:\/\/plazajuarez.mx\/historico\/wp-json\/wp\/v2\/posts\/217714","targetHints":{"allow":["GET"]}}],"collection":[{"href":"https:\/\/plazajuarez.mx\/historico\/wp-json\/wp\/v2\/posts"}],"about":[{"href":"https:\/\/plazajuarez.mx\/historico\/wp-json\/wp\/v2\/types\/post"}],"author":[{"embeddable":true,"href":"https:\/\/plazajuarez.mx\/historico\/wp-json\/wp\/v2\/users\/93"}],"replies":[{"embeddable":true,"href":"https:\/\/plazajuarez.mx\/historico\/wp-json\/wp\/v2\/comments?post=217714"}],"version-history":[{"count":0,"href":"https:\/\/plazajuarez.mx\/historico\/wp-json\/wp\/v2\/posts\/217714\/revisions"}],"wp:featuredmedia":[{"embeddable":true,"href":"https:\/\/plazajuarez.mx\/historico\/wp-json\/wp\/v2\/media\/199754"}],"wp:attachment":[{"href":"https:\/\/plazajuarez.mx\/historico\/wp-json\/wp\/v2\/media?parent=217714"}],"wp:term":[{"taxonomy":"category","embeddable":true,"href":"https:\/\/plazajuarez.mx\/historico\/wp-json\/wp\/v2\/categories?post=217714"},{"taxonomy":"post_tag","embeddable":true,"href":"https:\/\/plazajuarez.mx\/historico\/wp-json\/wp\/v2\/tags?post=217714"}],"curies":[{"name":"wp","href":"https:\/\/api.w.org\/{rel}","templated":true}]}}