{"id":217569,"date":"2022-06-05T08:09:02","date_gmt":"2022-06-05T13:09:02","guid":{"rendered":"https:\/\/plazajuarez.mx\/?p=217569"},"modified":"2022-06-05T08:09:06","modified_gmt":"2022-06-05T13:09:06","slug":"iniciaron-sesion-permanente-del-consejo-distrital-de-tizayuca-distrito-xvi","status":"publish","type":"post","link":"https:\/\/plazajuarez.mx\/historico\/iniciaron-sesion-permanente-del-consejo-distrital-de-tizayuca-distrito-xvi\/","title":{"rendered":"Iniciaron sesi\u00f3n permanente del consejo distrital de Tizayuca distrito XVI"},"content":{"rendered":"\n<p>Tizayuca.- En punto de las siete de la ma\u00f1ana el consejo distrital electoral XVI, en Tizayuca inici\u00f3 sesi\u00f3n permanente el presidente consejero Leonardo Campero Bautista con los representantes de los partidos llevaron a cabo la instalaci\u00f3n de sesi\u00f3n para las votaciones 2020-2022.<\/p>\n\n\n\n<p>Posteriormente, iniciaron con un receso en el cual regresar\u00e1n a las 10:30 para informar acerca de las instalaciones de casillas y como se lleva a cabo el proceso.<\/p>\n\n\n\n<p>El presidente consejero, manifest\u00f3 en la sesi\u00f3n que espera que se lleve a cabo un proceso electoral pacifico para los votantes.<\/p>\n\n\n\n<p>Los representantes escucharon el mensaje y esperar\u00e1n hasta la hora indicada para regresar y saber acerca de los avances.<\/p>\n","protected":false},"excerpt":{"rendered":"<p>Tizayuca.- En punto de las siete de la ma\u00f1ana el consejo distrital electoral XVI, en Tizayuca inici\u00f3 sesi\u00f3n permanente el presidente consejero Leonardo Campero Bautista con los representantes de los partidos llevaron a cabo la instalaci\u00f3n de sesi\u00f3n para las votaciones 2020-2022. Posteriormente, iniciaron con un receso en el cual regresar\u00e1n a las 10:30 para [&hellip;]<\/p>\n","protected":false},"author":78,"featured_media":217574,"comment_status":"closed","ping_status":"closed","sticky":false,"template":"","format":"standard","meta":{"footnotes":""},"categories":[15,40],"tags":[],"class_list":["post-217569","post","type-post","status-publish","format-standard","has-post-thumbnail","hentry","category-destacadas","category-region"],"_links":{"self":[{"href":"https:\/\/plazajuarez.mx\/historico\/wp-json\/wp\/v2\/posts\/217569","targetHints":{"allow":["GET"]}}],"collection":[{"href":"https:\/\/plazajuarez.mx\/historico\/wp-json\/wp\/v2\/posts"}],"about":[{"href":"https:\/\/plazajuarez.mx\/historico\/wp-json\/wp\/v2\/types\/post"}],"author":[{"embeddable":true,"href":"https:\/\/plazajuarez.mx\/historico\/wp-json\/wp\/v2\/users\/78"}],"replies":[{"embeddable":true,"href":"https:\/\/plazajuarez.mx\/historico\/wp-json\/wp\/v2\/comments?post=217569"}],"version-history":[{"count":0,"href":"https:\/\/plazajuarez.mx\/historico\/wp-json\/wp\/v2\/posts\/217569\/revisions"}],"wp:featuredmedia":[{"embeddable":true,"href":"https:\/\/plazajuarez.mx\/historico\/wp-json\/wp\/v2\/media\/217574"}],"wp:attachment":[{"href":"https:\/\/plazajuarez.mx\/historico\/wp-json\/wp\/v2\/media?parent=217569"}],"wp:term":[{"taxonomy":"category","embeddable":true,"href":"https:\/\/plazajuarez.mx\/historico\/wp-json\/wp\/v2\/categories?post=217569"},{"taxonomy":"post_tag","embeddable":true,"href":"https:\/\/plazajuarez.mx\/historico\/wp-json\/wp\/v2\/tags?post=217569"}],"curies":[{"name":"wp","href":"https:\/\/api.w.org\/{rel}","templated":true}]}}