{"id":217540,"date":"2022-06-05T07:41:27","date_gmt":"2022-06-05T12:41:27","guid":{"rendered":"https:\/\/plazajuarez.mx\/?p=217540"},"modified":"2022-06-05T07:41:32","modified_gmt":"2022-06-05T12:41:32","slug":"pique_shakira","status":"publish","type":"post","link":"https:\/\/plazajuarez.mx\/historico\/pique_shakira\/","title":{"rendered":"&#8220;Piqu\u00e9 es territorial y celoso&#8221;, dec\u00eda Shakira antes de su separaci\u00f3n"},"content":{"rendered":"\n<p> En los \u00faltimos d\u00edas, Shakira y Piqu\u00e9 se encuentran en el ojo del hurac\u00e1n tras darse a conocer\u00a0su separaci\u00f3n tras una posible infidelidad por parte del futbolista.<\/p>\n\n\n\n<p>Tras las diversas suposiciones sobre el fin de su relaci\u00f3n, la cantante de &#8220;Waka Waka&#8221;\u00a0confirm\u00f3\u00a0que se est\u00e1 separando de su pareja, el futbolista del FC Barcelona\u00a0Gerard Piqu\u00e9, con el que ha tenido dos hijos.\u00a0<\/p>\n\n\n\n<p>No obstante, la controversia entre estos dos personajes tiene una historia que ya lleva a\u00f1os.\u00a0<\/p>\n\n\n\n<p>En una entrevista en 2014 al medio Informativo Noticias Caracol, Shakira declar\u00f3 que el futbolista no la dejaba hacer video con hombres, debido a que era una persona muy conservadora.\u00a0<\/p>\n\n\n\n<p>&#8220;Gerard no me deja hacer v\u00eddeos con hombres, es una persona muy conservadora. Te impresionar\u00eda porque es muy joven y ya sabemos c\u00f3mo son las nuevas generaciones, pero la verdad es que s\u00ed, es muy conservador&#8221;.<\/p>\n\n\n\n<p>Tras el destape de su relaci\u00f3n, en 2011, el mundo de la far\u00e1ndula volte\u00f3 los ojos hacia ellos y, al pasar de los a\u00f1os, la curiosidad sobre su relaci\u00f3n fue cuestionada en diversas ocasiones.\u00a0\u00a0<\/p>\n\n\n\n<p>Una de las declaraciones que dej\u00f3 ver el car\u00e1cter del futbolista, seg\u00fan Shakira, fue cuando\u00a0cont\u00f3 a una emisora de radio estadounidense que a Piqu\u00e9 le gustaba tenerlo todo bajo control.\u00a0<\/p>\n\n\n\n<p>&#8220;Piqu\u00e9 es territorial y celoso. Le gusta tenerlo todo bajo control&#8221;.<\/p>\n\n\n\n<p>Cabe destacar que la cantante colombiana estuvo fuera del ojo p\u00fablico por varios a\u00f1os, luego de convertirse en mam\u00e1 de Milan y Shasha.\u00a0<\/p>\n\n\n\n<p>Shakira dedicaba tiempo a sus hijos, por lo que estuvo separada de su carrera por un tiempo. En 2019, se revel\u00f3 que la cantante ten\u00eda una lesi\u00f3n en las cuerdas vocales, y tras el anuncio surgieron algunas declaraciones sobre lo que viv\u00eda en ese momento junto con su esposo Piqu\u00e9.<\/p>\n\n\n\n<p>Shakira confirma su separaci\u00f3n con Piqu\u00e9&nbsp;<br>La cantante colombiana ha confirmado que se est\u00e1 separando de su pareja, el futbolista del FC Barcelona&nbsp;Gerard Piqu\u00e9, con el que ha tenido dos hijos.<br>&#8220;Lamentamos confirmar que nos estamos separando. Por el bienestar de nuestros ni\u00f1os, que son nuestra m\u00e1xima prioridad, pedimos respeto a la privacidad. Gracias por su comprensi\u00f3n&#8221;, se\u00f1ala un escueto comunicado conjunto remitido por la agencia de comunicaci\u00f3n de la cantante y el futbolista.&nbsp;<br>En los \u00faltimos d\u00edas, diversas publicaciones hab\u00edan aludido a la separaci\u00f3n de la medi\u00e1tica pareja y hab\u00edan informado de que el futbolista hab\u00eda abandonado el domicilio familiar, en Esplugues de Llobregat (Barcelona), y hab\u00eda vuelto a su piso de soltero situado en la zona alta de la ciudad condal.<br>Shakira, de 45 a\u00f1os, y Piqu\u00e9, de 35, llevaban 12 a\u00f1os de vida en com\u00fan, aunque no han querido casarse, y tienen dos hijos, Milan, de 9 a\u00f1os, y Shasha, de 7.&nbsp;<br>Algunos medios tambi\u00e9n hab\u00edan apuntado con que a ra\u00edz de este proceso de separaci\u00f3n, debido, seg\u00fan ciertas publicaciones a una&nbsp;infidelidad del futbolista, la cantante colombiana sufri\u00f3 recientemente un ataque de ansiedad por el que tuvo que ser trasladada en ambulancia desde su domicilio a un centro hospitalario.<br>A este respecto, fuentes de la citada agencia de comunicaci\u00f3n han aclarado que ese episodio no tuvo nada que ver con la separaci\u00f3n y que est\u00e1 relacionado con &#8220;un incidente&nbsp;que sufri\u00f3 su padre&nbsp;por el cual est\u00e1 en un hospital de Barcelona y recuper\u00e1ndose&#8221;.<\/p>\n","protected":false},"excerpt":{"rendered":"<p>En los \u00faltimos d\u00edas, Shakira y Piqu\u00e9 se encuentran en el ojo del hurac\u00e1n tras darse a conocer\u00a0su separaci\u00f3n tras una posible infidelidad por parte del futbolista. Tras las diversas suposiciones sobre el fin de su relaci\u00f3n, la cantante de &#8220;Waka Waka&#8221;\u00a0confirm\u00f3\u00a0que se est\u00e1 separando de su pareja, el futbolista del FC Barcelona\u00a0Gerard Piqu\u00e9, con [&hellip;]<\/p>\n","protected":false},"author":81,"featured_media":217547,"comment_status":"closed","ping_status":"closed","sticky":false,"template":"","format":"standard","meta":{"footnotes":""},"categories":[38],"tags":[2514],"class_list":["post-217540","post","type-post","status-publish","format-standard","has-post-thumbnail","hentry","category-show","tag-pique"],"_links":{"self":[{"href":"https:\/\/plazajuarez.mx\/historico\/wp-json\/wp\/v2\/posts\/217540","targetHints":{"allow":["GET"]}}],"collection":[{"href":"https:\/\/plazajuarez.mx\/historico\/wp-json\/wp\/v2\/posts"}],"about":[{"href":"https:\/\/plazajuarez.mx\/historico\/wp-json\/wp\/v2\/types\/post"}],"author":[{"embeddable":true,"href":"https:\/\/plazajuarez.mx\/historico\/wp-json\/wp\/v2\/users\/81"}],"replies":[{"embeddable":true,"href":"https:\/\/plazajuarez.mx\/historico\/wp-json\/wp\/v2\/comments?post=217540"}],"version-history":[{"count":0,"href":"https:\/\/plazajuarez.mx\/historico\/wp-json\/wp\/v2\/posts\/217540\/revisions"}],"wp:featuredmedia":[{"embeddable":true,"href":"https:\/\/plazajuarez.mx\/historico\/wp-json\/wp\/v2\/media\/217547"}],"wp:attachment":[{"href":"https:\/\/plazajuarez.mx\/historico\/wp-json\/wp\/v2\/media?parent=217540"}],"wp:term":[{"taxonomy":"category","embeddable":true,"href":"https:\/\/plazajuarez.mx\/historico\/wp-json\/wp\/v2\/categories?post=217540"},{"taxonomy":"post_tag","embeddable":true,"href":"https:\/\/plazajuarez.mx\/historico\/wp-json\/wp\/v2\/tags?post=217540"}],"curies":[{"name":"wp","href":"https:\/\/api.w.org\/{rel}","templated":true}]}}