{"id":217357,"date":"2022-06-03T08:52:52","date_gmt":"2022-06-03T13:52:52","guid":{"rendered":"https:\/\/plazajuarez.mx\/?p=217357"},"modified":"2022-06-03T08:54:04","modified_gmt":"2022-06-03T13:54:04","slug":"diego-luna-lamenta-que-ser-mujer-en-mexico-sea-muy-peligroso","status":"publish","type":"post","link":"https:\/\/plazajuarez.mx\/historico\/diego-luna-lamenta-que-ser-mujer-en-mexico-sea-muy-peligroso\/","title":{"rendered":"Diego Luna lamenta que ser mujer en M\u00e9xico sea muy peligroso"},"content":{"rendered":"\n<p>Diego Luna, uno de los actores mexicanos m\u00e1s prol\u00edficos en el extranjero, se pronunci\u00f3 con respecto a la situaci\u00f3n de violencia que ha sobrevenido en nuestro pa\u00eds, mostrando especial preocupaci\u00f3n por la desaparici\u00f3n de mujeres. En palabras del int\u00e9rprete, &#8220;ser mujer en M\u00e9xico es muy peligroso&#8221;, y lament\u00f3 que esta situaci\u00f3n se normalice, pues con el tiempo es un fen\u00f3meno que ha dejado de sorprender a la poblaci\u00f3n por la frecuencia con la que ocurre.<\/p>\n\n\n\n<p>Durante su participaci\u00f3n en el talk show espa\u00f1ol &#8220;El hormiguero&#8221;, que visit\u00f3 para promocionar la puesta en escena &#8220;Cada vez nos despedimos mejor&#8221;, uno de los temas de los que habl\u00f3 fue la violencia en M\u00e9xico y el descontrol brutal de la misma, pues en d\u00edas recientes el Comit\u00e9 contra las Desapariciones Forzadas de las Naciones Unidas (CED) inform\u00f3 que nuestro pa\u00eds ya rebasa m\u00e1s de 100 mil personas no localizadas, lo que equivale a la desaparici\u00f3n de 28 personas por d\u00eda.<\/p>\n\n\n\n<p>En este contexto, Luna lament\u00f3 que el territorio mexicano suponga &#8220;el pa\u00eds m\u00e1s peligroso de Am\u00e9rica Latina&#8221;. Adem\u00e1s, expres\u00f3 que la violencia que se vive d\u00eda a d\u00eda es asim\u00e9trica, pues impacta en mayor medida a las mujeres \u2013que rebasa la cifra de 80 mil desaparecidas desde 2006- y que, paulatinamente, se ha apropiado de otros sectores, como es el caso de los 11 periodistas que, en lo que va del a\u00f1o, han perdido la vida por ejercer su profesi\u00f3n.<\/p>\n\n\n\n<p>&#8220;Mi pa\u00eds est\u00e1 en momentos cr\u00edticos. Hay un descontrol brutal. La violencia va creciendo y se va normalizando, que es muy peligroso. Nos estamos acostumbrando a que exista&#8221;, indic\u00f3 a Pablo Motos, presentador del programa de entretenimiento.<\/p>\n\n\n\n<p>Y si bien, la obra &#8220;Cada vez nos despedimos mejor&#8221; no retrata el clima de violencia de nuestra regi\u00f3n, s\u00ed hace un viaje por la historia de M\u00e9xico. Luna comparti\u00f3 que har\u00e1 un mon\u00f3logo que abarcar\u00e1 acontecimientos claves que van del 31 de diciembre del 1979 al 2017, espec\u00edficamente, el 19 de septiembre, fecha en que un sismo de magnitud 7,1 sacudi\u00f3 al pa\u00eds, cobr\u00e1ndose la vida de m\u00e1s de 369 personas.<\/p>\n\n\n\n<p>El actor concibe esta producci\u00f3n como &#8220;una comedia de humor negro sobre el amor, las relaciones contempor\u00e1neas, la p\u00e9rdida, el destino y la necesidad de seguir, siempre seguir, a pesar de todo&#8221;.<\/p>\n\n\n\n<p>La obra se estrena el pr\u00f3ximo 25 de junio y dar\u00e1 su \u00faltima funci\u00f3n el 10 de julio.<\/p>\n","protected":false},"excerpt":{"rendered":"<p>Diego Luna, uno de los actores mexicanos m\u00e1s prol\u00edficos en el extranjero, se pronunci\u00f3 con respecto a la situaci\u00f3n de violencia que ha sobrevenido en nuestro pa\u00eds, mostrando especial preocupaci\u00f3n por la desaparici\u00f3n de mujeres. En palabras del int\u00e9rprete, &#8220;ser mujer en M\u00e9xico es muy peligroso&#8221;, y lament\u00f3 que esta situaci\u00f3n se normalice, pues con [&hellip;]<\/p>\n","protected":false},"author":81,"featured_media":217362,"comment_status":"closed","ping_status":"closed","sticky":false,"template":"","format":"standard","meta":{"footnotes":""},"categories":[38],"tags":[],"class_list":["post-217357","post","type-post","status-publish","format-standard","has-post-thumbnail","hentry","category-show"],"_links":{"self":[{"href":"https:\/\/plazajuarez.mx\/historico\/wp-json\/wp\/v2\/posts\/217357","targetHints":{"allow":["GET"]}}],"collection":[{"href":"https:\/\/plazajuarez.mx\/historico\/wp-json\/wp\/v2\/posts"}],"about":[{"href":"https:\/\/plazajuarez.mx\/historico\/wp-json\/wp\/v2\/types\/post"}],"author":[{"embeddable":true,"href":"https:\/\/plazajuarez.mx\/historico\/wp-json\/wp\/v2\/users\/81"}],"replies":[{"embeddable":true,"href":"https:\/\/plazajuarez.mx\/historico\/wp-json\/wp\/v2\/comments?post=217357"}],"version-history":[{"count":0,"href":"https:\/\/plazajuarez.mx\/historico\/wp-json\/wp\/v2\/posts\/217357\/revisions"}],"wp:featuredmedia":[{"embeddable":true,"href":"https:\/\/plazajuarez.mx\/historico\/wp-json\/wp\/v2\/media\/217362"}],"wp:attachment":[{"href":"https:\/\/plazajuarez.mx\/historico\/wp-json\/wp\/v2\/media?parent=217357"}],"wp:term":[{"taxonomy":"category","embeddable":true,"href":"https:\/\/plazajuarez.mx\/historico\/wp-json\/wp\/v2\/categories?post=217357"},{"taxonomy":"post_tag","embeddable":true,"href":"https:\/\/plazajuarez.mx\/historico\/wp-json\/wp\/v2\/tags?post=217357"}],"curies":[{"name":"wp","href":"https:\/\/api.w.org\/{rel}","templated":true}]}}