{"id":217356,"date":"2022-06-03T08:51:53","date_gmt":"2022-06-03T13:51:53","guid":{"rendered":"https:\/\/plazajuarez.mx\/?p=217356"},"modified":"2022-06-03T08:54:20","modified_gmt":"2022-06-03T13:54:20","slug":"camilo-pospone-concierto-en-mexico-tras-dar-positivo-a-covid","status":"publish","type":"post","link":"https:\/\/plazajuarez.mx\/historico\/camilo-pospone-concierto-en-mexico-tras-dar-positivo-a-covid\/","title":{"rendered":"Camilo pospone concierto en M\u00e9xico tras dar positivo a Covid"},"content":{"rendered":"\n<p>A trav\u00e9s de sus redes sociales el cantante colombiano, Camilo, acaba de anunciar que el concierto que ten\u00eda programado para la noche de ayer en la Arena CDMX tuvo que ser pospuesto, pues tanto \u00e9l como varios integrantes de su equipo de trabajo dieron positivo al virus del Covid-19.<\/p>\n\n\n\n<p>Mediante un breve video, el esposo de Evaluna Montaner, explic\u00f3 que comenz\u00f3 a sentir algunos malestares por lo que de inmediato decidi\u00f3 someterse a una prueba de detecci\u00f3n con la que confirm\u00f3 su contagio. Afortunadamente se encuentra bien y solo presenta s\u00edntomas leves.<\/p>\n\n\n\n<p>&#8220;Tribu de Ciudad de M\u00e9xico quiero contarles algo, algunas personas del equipo empezamos a sentirnos m\u00e1s o menos, un poquito de malestar, un poquito de dolor de garganta y resulta que nos hicimos un test hoy. Incluy\u00e9ndome a m\u00ed, algunas personas dimos positivo para Covid, justo hoy&#8221;, dijo.<\/p>\n\n\n\n<p>Asimismo destac\u00f3 que aunque le entristece no poder ver a su p\u00fablico, lo m\u00e1s importante por ahora es cuidar la salud y evitar que los contagios sigan por lo que el show ser\u00e1 reprogramado para m\u00e1s adelante.<\/p>\n\n\n\n<p>&#8220;Me da much\u00edsima tristeza tener que posponer el concierto de hoy. Es algo que me llenaba de ilusi\u00f3n, pero lo m\u00e1s importante es cuidar la salud. Inmediatamente despu\u00e9s de eso honraremos el encuentro que nos ven\u00edamos so\u00f1ando ustedes y yo&#8221;, agreg\u00f3.<\/p>\n\n\n\n<p>Por \u00faltimo, detall\u00f3 que ser\u00e1 hoy cuando anuncie la nueva fecha de su concierto, sin embargo deber\u00e1 permanecer en nuestro pa\u00eds durante su cuarentena. Hasta el momento se desconoce si la hija de Ricardo Montaner tambi\u00e9n habr\u00eda contra\u00eddo el virus.<\/p>\n","protected":false},"excerpt":{"rendered":"<p>A trav\u00e9s de sus redes sociales el cantante colombiano, Camilo, acaba de anunciar que el concierto que ten\u00eda programado para la noche de ayer en la Arena CDMX tuvo que ser pospuesto, pues tanto \u00e9l como varios integrantes de su equipo de trabajo dieron positivo al virus del Covid-19. Mediante un breve video, el esposo [&hellip;]<\/p>\n","protected":false},"author":81,"featured_media":217360,"comment_status":"closed","ping_status":"closed","sticky":false,"template":"","format":"standard","meta":{"footnotes":""},"categories":[38],"tags":[],"class_list":["post-217356","post","type-post","status-publish","format-standard","has-post-thumbnail","hentry","category-show"],"_links":{"self":[{"href":"https:\/\/plazajuarez.mx\/historico\/wp-json\/wp\/v2\/posts\/217356","targetHints":{"allow":["GET"]}}],"collection":[{"href":"https:\/\/plazajuarez.mx\/historico\/wp-json\/wp\/v2\/posts"}],"about":[{"href":"https:\/\/plazajuarez.mx\/historico\/wp-json\/wp\/v2\/types\/post"}],"author":[{"embeddable":true,"href":"https:\/\/plazajuarez.mx\/historico\/wp-json\/wp\/v2\/users\/81"}],"replies":[{"embeddable":true,"href":"https:\/\/plazajuarez.mx\/historico\/wp-json\/wp\/v2\/comments?post=217356"}],"version-history":[{"count":0,"href":"https:\/\/plazajuarez.mx\/historico\/wp-json\/wp\/v2\/posts\/217356\/revisions"}],"wp:featuredmedia":[{"embeddable":true,"href":"https:\/\/plazajuarez.mx\/historico\/wp-json\/wp\/v2\/media\/217360"}],"wp:attachment":[{"href":"https:\/\/plazajuarez.mx\/historico\/wp-json\/wp\/v2\/media?parent=217356"}],"wp:term":[{"taxonomy":"category","embeddable":true,"href":"https:\/\/plazajuarez.mx\/historico\/wp-json\/wp\/v2\/categories?post=217356"},{"taxonomy":"post_tag","embeddable":true,"href":"https:\/\/plazajuarez.mx\/historico\/wp-json\/wp\/v2\/tags?post=217356"}],"curies":[{"name":"wp","href":"https:\/\/api.w.org\/{rel}","templated":true}]}}