{"id":21725,"date":"2016-05-23T14:09:25","date_gmt":"2016-05-23T14:09:25","guid":{"rendered":"http:\/\/plazajuarez.mx\/index\/index.php\/2016\/05\/23\/dese-por-enterado-198\/"},"modified":"2020-04-14T19:09:00","modified_gmt":"2020-04-14T19:09:00","slug":"dese-por-enterado-198","status":"publish","type":"post","link":"https:\/\/plazajuarez.mx\/historico\/dese-por-enterado-198\/","title":{"rendered":"DESE POR ENTERADO"},"content":{"rendered":"<p style=\"text-align: justify;\"><strong>EL ASUNTO AQU\u00cd EN LA POL\u00cdTICA,<\/strong><\/p>\n<p style=\"text-align: justify;\"><strong>ES QUE MI JEFE MANDA: ROXANA<\/strong><\/p>\n<p style=\"text-align: justify;\">Ha de ser terrible que tu jefe te mande a poner la cara para traicionar p\u00fablicamente a tu partido, y asegurar que no lo traicionas. Eso le pas\u00f3 a la pobre Roxana Montealegre, regidora de Acci\u00f3n Nacional, quien le pidi\u00f3 a la candidata blanquiazul, Yoli Teller\u00eda, que decline a favor de Antonio Mota, de Movimiento Ciudadano. Y por m\u00e1s que hizo el esfuerzo para que no se le viera como traidora, pues nadie le crey\u00f3. La pobre regidora ocurrencias mejor hubiera dicho: \u201cel asunto aqu\u00ed en la pol\u00edtica, es que mi jefe, Gerardo Sosa, manda, y yo soy sino una soldada de su ej\u00e9rcito\u201d. As\u00ed y no ponerse a querer justificar, lo que es injustificable. \u00bfY los panistas? Bien, gracias.<\/p>\n<p>  <!--more-->  <\/p>\n<p style=\"text-align: justify;\">\u00a0<\/p>\n<p style=\"text-align: justify;\">\u00a0\u00a0\u00a0\u00a0\u00a0\u00a0\u00a0\u00a0\u00a0\u00a0\u00a0\u00a0\u00a0\u00a0\u00a0\u00a0\u00a0\u00a0\u00a0\u00a0\u00a0\u00a0\u00a0\u00a0\u00a0\u00a0\u00a0\u00a0\u00a0\u00a0\u00a0\u00a0\u00a0\u00a0\u00a0\u00a0\u00a0\u00a0\u00a0\u00a0\u00a0\u00a0\u00a0\u00a0\u00a0\u00a0\u00a0\u00a0\u00a0\u00a0\u00a0\u00a0\u00a0\u00a0\u00a0\u00a0\u00a0\u00a0 ***<\/p>\n<p style=\"text-align: justify;\"><strong>DEBATE DE CANDIDATOS A LA <\/strong><strong>ALCALD\u00cdA PACHUQUE\u00d1A<\/strong><\/p>\n<p style=\"text-align: justify;\">Si alguien me pidiera calificaci\u00f3n para los participantes en el debate de candidatos a la presidencia municipal de Pachuca, le contestar\u00eda lo siguiente: Mirna Hern\u00e1ndez y Julio Menchaca, 9; Jes\u00fas R\u00edos Casta\u00f1eda, del PT, 8; Carlos S\u00e1nchez Lugo, de Morena, 6; Patricia Estrada del PES y Antonio Mota de Movimiento Ciudadano, 4. Algo le pas\u00f3 al maestro Mota que se apanic\u00f3 y parec\u00eda una marioneta a la que se le hab\u00edan trabado los hilos.<\/p>\n<p style=\"text-align: justify;\">\u00a0\u00a0\u00a0\u00a0\u00a0\u00a0\u00a0\u00a0\u00a0\u00a0\u00a0\u00a0\u00a0\u00a0\u00a0\u00a0\u00a0\u00a0\u00a0\u00a0\u00a0\u00a0\u00a0\u00a0\u00a0\u00a0\u00a0\u00a0\u00a0\u00a0\u00a0\u00a0\u00a0\u00a0\u00a0\u00a0\u00a0\u00a0\u00a0\u00a0\u00a0\u00a0\u00a0\u00a0\u00a0\u00a0\u00a0\u00a0\u00a0\u00a0\u00a0\u00a0\u00a0\u00a0\u00a0\u00a0\u00a0\u00a0 ***<\/p>\n<p style=\"text-align: justify;\"><strong>YA PUEDE CAMINAR FELIZ POR LA VIDA\u00a0<\/strong><strong>DON RA\u00daL CAMACHO EN MINERAL DE LA REFORMA<\/strong><\/p>\n<p style=\"text-align: justify;\">Si usted pens\u00f3 en alg\u00fan momento que el candidato panista a la alcald\u00eda de Mineral de la Reforma, era un rog\u00f3n, un ratero o un pendejo, puede estar tranquilo, porque la siempre culta y caballerosa, X\u00f3chitl G\u00e1lvez, asegur\u00f3 en un acto de campa\u00f1a del susodicho, que tres cosas que le gustaban del hasta ese momento dudoso de su cualidades Ra\u00fal Camacho, \u201cque no es rog\u00f3n, no es ratero y no es pendejo\u201d. \u00a1Ah\u00ed est\u00e1! Todo solucionado. Si lo dijo X\u00f3chitl es porque as\u00ed es. Todos los rogones, rateros y pendejos, a buscar a X\u00f3chitl, y sin rogarle, que los santifique son el don de su palabra educada y generosa.<\/p>\n<p style=\"text-align: justify;\">\u00a0\u00a0\u00a0\u00a0\u00a0\u00a0\u00a0\u00a0\u00a0\u00a0\u00a0\u00a0\u00a0\u00a0\u00a0\u00a0\u00a0\u00a0\u00a0\u00a0\u00a0\u00a0\u00a0\u00a0\u00a0\u00a0\u00a0\u00a0\u00a0\u00a0\u00a0\u00a0\u00a0\u00a0\u00a0\u00a0\u00a0\u00a0\u00a0\u00a0\u00a0\u00a0\u00a0\u00a0\u00a0\u00a0\u00a0\u00a0\u00a0\u00a0\u00a0\u00a0\u00a0\u00a0\u00a0\u00a0\u00a0\u00a0 ***<\/p>\n<p style=\"text-align: justify;\"><strong>\u00bfPOR QU\u00c9 MANEJAN COMO MANEJAN EN PACHUCA?<\/strong><\/p>\n<p style=\"text-align: justify;\">Los accidentes se multiplican en la capital del estado. Ya no es asunto de si se ponen sem\u00e1foros o topes. Hay una terrible falta de educaci\u00f3n para manejar no solo de j\u00f3venes con el auto de su pap\u00e1, sino de adultos. La agresi\u00f3n es el pan de cada d\u00eda. Todos contra todos en una ciudad que refleja en las avenidas y calles, un profundo sentimiento de revancha, de violencia, de todo lo que en \u00e9pocas electorales tambi\u00e9n es el pan de cada d\u00eda: la intolerancia absoluta.<\/p>\n<p style=\"text-align: justify;\">\u00a0\u00a0\u00a0\u00a0\u00a0\u00a0\u00a0\u00a0\u00a0\u00a0\u00a0\u00a0\u00a0\u00a0\u00a0\u00a0\u00a0\u00a0\u00a0\u00a0\u00a0\u00a0\u00a0\u00a0\u00a0\u00a0\u00a0\u00a0\u00a0\u00a0\u00a0\u00a0\u00a0\u00a0\u00a0\u00a0\u00a0\u00a0\u00a0\u00a0\u00a0\u00a0\u00a0\u00a0\u00a0\u00a0\u00a0\u00a0\u00a0\u00a0\u00a0\u00a0\u00a0\u00a0\u00a0\u00a0\u00a0\u00a0 ***<\/p>\n<p style=\"text-align: justify;\">DUDAS Y COMENTARIOS:<\/p>\n<p style=\"text-align: justify;\"><a href=\"mailto:desexenterado@gmail.com\">desexenterado@gmail.com<\/a><\/p>\n<p style=\"text-align: justify;\">twitter: @desexenterado<\/p>\n","protected":false},"excerpt":{"rendered":"<p>EL ASUNTO AQU\u00cd EN LA POL\u00cdTICA, ES QUE MI JEFE MANDA: ROXANA Ha de ser terrible que tu jefe te mande a poner la cara para traicionar p\u00fablicamente a tu partido, y asegurar que no lo traicionas. Eso le pas\u00f3 a la pobre Roxana Montealegre, regidora de Acci\u00f3n Nacional, quien le pidi\u00f3 a la candidata [&hellip;]<\/p>\n","protected":false},"author":93,"featured_media":0,"comment_status":"open","ping_status":"open","sticky":false,"template":"","format":"standard","meta":{"footnotes":""},"categories":[83,42],"tags":[66],"class_list":["post-21725","post","type-post","status-publish","format-standard","hentry","category-dese-por-enterado","category-nuestrapalabra","tag-dese"],"_links":{"self":[{"href":"https:\/\/plazajuarez.mx\/historico\/wp-json\/wp\/v2\/posts\/21725","targetHints":{"allow":["GET"]}}],"collection":[{"href":"https:\/\/plazajuarez.mx\/historico\/wp-json\/wp\/v2\/posts"}],"about":[{"href":"https:\/\/plazajuarez.mx\/historico\/wp-json\/wp\/v2\/types\/post"}],"author":[{"embeddable":true,"href":"https:\/\/plazajuarez.mx\/historico\/wp-json\/wp\/v2\/users\/93"}],"replies":[{"embeddable":true,"href":"https:\/\/plazajuarez.mx\/historico\/wp-json\/wp\/v2\/comments?post=21725"}],"version-history":[{"count":0,"href":"https:\/\/plazajuarez.mx\/historico\/wp-json\/wp\/v2\/posts\/21725\/revisions"}],"wp:attachment":[{"href":"https:\/\/plazajuarez.mx\/historico\/wp-json\/wp\/v2\/media?parent=21725"}],"wp:term":[{"taxonomy":"category","embeddable":true,"href":"https:\/\/plazajuarez.mx\/historico\/wp-json\/wp\/v2\/categories?post=21725"},{"taxonomy":"post_tag","embeddable":true,"href":"https:\/\/plazajuarez.mx\/historico\/wp-json\/wp\/v2\/tags?post=21725"}],"curies":[{"name":"wp","href":"https:\/\/api.w.org\/{rel}","templated":true}]}}