{"id":217116,"date":"2022-06-01T14:40:27","date_gmt":"2022-06-01T19:40:27","guid":{"rendered":"https:\/\/plazajuarez.mx\/?p=217116"},"modified":"2022-06-01T14:40:38","modified_gmt":"2022-06-01T19:40:38","slug":"amlo_marina","status":"publish","type":"post","link":"https:\/\/plazajuarez.mx\/historico\/amlo_marina\/","title":{"rendered":"AMLO destaca contribuci\u00f3n de la Marina al Estado"},"content":{"rendered":"\n<p>El presidente Andr\u00e9s Manuel L\u00f3pez Obrador destac\u00f3 la contribuci\u00f3n de la Secretar\u00eda de Marina al Estado Mexicano. No solo -dijo- por su tarea de defender el territorio nacional desde los litorales, sino por sus labores en materia de seguridad, en apoyo de la poblaci\u00f3n ante desastres naturales, durante la pandemia y en los proyectos estrat\u00e9gicos del actual gobierno.<\/p>\n\n\n\n<p>Al conmemorar el 80 Aniversario del D\u00eda de la Marina Nacional, en las instalaciones de la dependencia de la capital del pa\u00eds, el presidente L\u00f3pez Obrador, en su calidad de Comandante Supremo de las Fuerzas Armadas felicit\u00f3 a marinas y marinos en su d\u00eda, pero en especial al secretario de Marina, almirante Jos\u00e9 Rafael Ojeda Dur\u00e1n.<\/p>\n\n\n\n<p>No podr\u00eda dejar de reconocer el gran apoyo que nos brinda el secretario de Marina, el almirante Jos\u00e9 Rafael Ojeda Dur\u00e1n, no me gusta la demagogia, siempre digo lo que pienso, lo mejor en pol\u00edtica es lo aut\u00e9ntico.<\/p>\n\n\n\n<p>&#8220;Quiero aqu\u00ed a los cuatro vientos decir que se tiene un secretario de Marina profesional, trabajador, leal y honesto&#8221;.<\/p>\n\n\n\n<p>El presidente L\u00f3pez Obrador dese\u00f3 a las marinas y marinos de M\u00e9xico que la pasen muy feliz con sus familiares.<\/p>\n\n\n\n<p>&#8220;No olvidar nunca que nosotros los servidores p\u00fablico no podr\u00edamos enfrentar todos los retos que nos depara nuestra labor y el destino, si no cont\u00e1ramos con el apoyo de nuestras familias felicidad a todas y todos&#8221;.<\/p>\n","protected":false},"excerpt":{"rendered":"<p>El presidente Andr\u00e9s Manuel L\u00f3pez Obrador destac\u00f3 la contribuci\u00f3n de la Secretar\u00eda de Marina al Estado Mexicano. No solo -dijo- por su tarea de defender el territorio nacional desde los litorales, sino por sus labores en materia de seguridad, en apoyo de la poblaci\u00f3n ante desastres naturales, durante la pandemia y en los proyectos estrat\u00e9gicos [&hellip;]<\/p>\n","protected":false},"author":81,"featured_media":217117,"comment_status":"closed","ping_status":"closed","sticky":false,"template":"","format":"standard","meta":{"footnotes":""},"categories":[15,36],"tags":[2450],"class_list":["post-217116","post","type-post","status-publish","format-standard","has-post-thumbnail","hentry","category-destacadas","category-nacion","tag-marina"],"_links":{"self":[{"href":"https:\/\/plazajuarez.mx\/historico\/wp-json\/wp\/v2\/posts\/217116","targetHints":{"allow":["GET"]}}],"collection":[{"href":"https:\/\/plazajuarez.mx\/historico\/wp-json\/wp\/v2\/posts"}],"about":[{"href":"https:\/\/plazajuarez.mx\/historico\/wp-json\/wp\/v2\/types\/post"}],"author":[{"embeddable":true,"href":"https:\/\/plazajuarez.mx\/historico\/wp-json\/wp\/v2\/users\/81"}],"replies":[{"embeddable":true,"href":"https:\/\/plazajuarez.mx\/historico\/wp-json\/wp\/v2\/comments?post=217116"}],"version-history":[{"count":0,"href":"https:\/\/plazajuarez.mx\/historico\/wp-json\/wp\/v2\/posts\/217116\/revisions"}],"wp:featuredmedia":[{"embeddable":true,"href":"https:\/\/plazajuarez.mx\/historico\/wp-json\/wp\/v2\/media\/217117"}],"wp:attachment":[{"href":"https:\/\/plazajuarez.mx\/historico\/wp-json\/wp\/v2\/media?parent=217116"}],"wp:term":[{"taxonomy":"category","embeddable":true,"href":"https:\/\/plazajuarez.mx\/historico\/wp-json\/wp\/v2\/categories?post=217116"},{"taxonomy":"post_tag","embeddable":true,"href":"https:\/\/plazajuarez.mx\/historico\/wp-json\/wp\/v2\/tags?post=217116"}],"curies":[{"name":"wp","href":"https:\/\/api.w.org\/{rel}","templated":true}]}}