{"id":217113,"date":"2022-06-01T13:58:20","date_gmt":"2022-06-01T18:58:20","guid":{"rendered":"https:\/\/plazajuarez.mx\/?p=217113"},"modified":"2022-06-01T13:58:28","modified_gmt":"2022-06-01T18:58:28","slug":"twitter_caida","status":"publish","type":"post","link":"https:\/\/plazajuarez.mx\/historico\/twitter_caida\/","title":{"rendered":"Reportan ca\u00edda de Twitter"},"content":{"rendered":"\n<p> Si este mi\u00e9rcoles primero de junio has tenido problemas para conectarte a tu cuenta de Twitter, no te preocupes ya que no es un error de tu tel\u00e9fono o de la red, ya que la red social de mensajes cortos ha presentado fallas en su sistema.<\/p>\n\n\n\n<p>&#8212;Principales fallas en Twitter<\/p>\n\n\n\n<p>Seg\u00fan lo reportado por el sitio Downdetector, alrededor de las 12:30 de este mi\u00e9rcoles, los usuarios de la plataforma comenzaron a presentar problemas para enviar mensajes, ver comentarios en los posteos o, incluso para ingresar a sus cuentas.<\/p>\n\n\n\n<p>Downdetector report\u00f3 que 69 por ciento de los problemas est\u00e1n relacionados con el sitio web y 31 por ciento con la aplicaci\u00f3n m\u00f3vil.<\/p>\n\n\n\n<p>Asimismo, de acuerdo con el sitio web, las principales fallas la red social se reportan en la Ciudad de M\u00e9xico.<\/p>\n","protected":false},"excerpt":{"rendered":"<p>Si este mi\u00e9rcoles primero de junio has tenido problemas para conectarte a tu cuenta de Twitter, no te preocupes ya que no es un error de tu tel\u00e9fono o de la red, ya que la red social de mensajes cortos ha presentado fallas en su sistema. &#8212;Principales fallas en Twitter Seg\u00fan lo reportado por el [&hellip;]<\/p>\n","protected":false},"author":81,"featured_media":217114,"comment_status":"closed","ping_status":"closed","sticky":false,"template":"","format":"standard","meta":{"footnotes":""},"categories":[36],"tags":[2403],"class_list":["post-217113","post","type-post","status-publish","format-standard","has-post-thumbnail","hentry","category-nacion","tag-twitter"],"_links":{"self":[{"href":"https:\/\/plazajuarez.mx\/historico\/wp-json\/wp\/v2\/posts\/217113","targetHints":{"allow":["GET"]}}],"collection":[{"href":"https:\/\/plazajuarez.mx\/historico\/wp-json\/wp\/v2\/posts"}],"about":[{"href":"https:\/\/plazajuarez.mx\/historico\/wp-json\/wp\/v2\/types\/post"}],"author":[{"embeddable":true,"href":"https:\/\/plazajuarez.mx\/historico\/wp-json\/wp\/v2\/users\/81"}],"replies":[{"embeddable":true,"href":"https:\/\/plazajuarez.mx\/historico\/wp-json\/wp\/v2\/comments?post=217113"}],"version-history":[{"count":0,"href":"https:\/\/plazajuarez.mx\/historico\/wp-json\/wp\/v2\/posts\/217113\/revisions"}],"wp:featuredmedia":[{"embeddable":true,"href":"https:\/\/plazajuarez.mx\/historico\/wp-json\/wp\/v2\/media\/217114"}],"wp:attachment":[{"href":"https:\/\/plazajuarez.mx\/historico\/wp-json\/wp\/v2\/media?parent=217113"}],"wp:term":[{"taxonomy":"category","embeddable":true,"href":"https:\/\/plazajuarez.mx\/historico\/wp-json\/wp\/v2\/categories?post=217113"},{"taxonomy":"post_tag","embeddable":true,"href":"https:\/\/plazajuarez.mx\/historico\/wp-json\/wp\/v2\/tags?post=217113"}],"curies":[{"name":"wp","href":"https:\/\/api.w.org\/{rel}","templated":true}]}}