{"id":217054,"date":"2022-06-01T11:01:55","date_gmt":"2022-06-01T16:01:55","guid":{"rendered":"https:\/\/plazajuarez.mx\/?p=217054"},"modified":"2022-06-01T11:02:23","modified_gmt":"2022-06-01T16:02:23","slug":"mexico-inicia-mes-del-orgullo-lgbt-con-avances-pero-con-promesas-incumplidas","status":"publish","type":"post","link":"https:\/\/plazajuarez.mx\/historico\/mexico-inicia-mes-del-orgullo-lgbt-con-avances-pero-con-promesas-incumplidas\/","title":{"rendered":"M\u00e9xico inicia mes del orgullo LGBT con avances pero con promesas incumplidas"},"content":{"rendered":"\n<p>M\u00e9xico llega este a\u00f1o al mes del orgullo LGBT, que se inicia este mi\u00e9rcoles, con &#8220;promesas incumplidas&#8221; por parte de las autoridades y mucho trabajo por hacer, pero habiendo ganado espacio en la esfera pol\u00edtica y con avances legislativos, indicaron activistas.<\/p>\n\n\n\n<p>\u201cHay mucho que madurar como pa\u00eds (&#8230;) y hay muchas promesas, pero la realidad es que hay una gran deuda (con el colectivo LBGT)\u201d, consider\u00f3 en entrevista con Efe Iv\u00e1n Tagle, director de Yaaj M\u00e9xico, una organizaci\u00f3n por los derechos de la diversidad sexual.<\/p>\n\n\n\n<p>Seg\u00fan la organizaci\u00f3n Letra Ese, cada mes se registran en M\u00e9xico seis asesinatos de odio contra personas LGBT.<\/p>\n\n\n\n<p>M\u00e9xico es el segundo pa\u00eds de Latinoam\u00e9rica con m\u00e1s violencia por homofobia y transfobia, despu\u00e9s de Brasil, seg\u00fan el Observatorio Nacional de Cr\u00edmenes de Odio LGBT de la Fundaci\u00f3n Arco\u00edris.<\/p>\n\n\n\n<p>Adem\u00e1s, seg\u00fan los datos con los que cuenta Letra Ese, se registraron 70 homicidios de odio en 2021.<\/p>\n\n\n\n<p>En un escenario de violencia y discriminaci\u00f3n al colectivo, la pandemia actu\u00f3 incidiendo en las personas LGBT y las autoridades, consider\u00f3 Tagle, fallaron.<\/p>\n\n\n\n<p>\u201cLas pol\u00edticas, las acciones y las decisiones del Gobierno no fueron pensadas en su momento hacia nuestra comunidad, entonces no solo venimos arrastrando situaciones bastante complejas sino que tambi\u00e9n se han agravado\u201d, sentenci\u00f3 el experto.<\/p>\n\n\n\n<p><strong>MUCHO TRABAJO POR HACER<\/strong><\/p>\n\n\n\n<p>Despu\u00e9s de la pandemia de la covid-19, el trabajo es mucho, afirm\u00f3 en entrevista con Efe Kenya Cuevas, activista por los derechos de las personas trans.<\/p>\n\n\n\n<p>\u201cLlegamos (a junio) en un punto crucial, venimos saliendo de una pandemia, de muchas emociones fuertes. (&#8230;) Creo que este junio nos da una apertura distinta de lucha, una oportunidad de visibilizar realmente las problem\u00e1ticas que tenemos como comunidad\u201d, coment\u00f3 Cuevas en referencia al mes y a la marcha del 25 de junio, que se prev\u00e9 multitudinaria por ser la primera presencial despu\u00e9s de la pandemia.<\/p>\n\n\n\n<p>Para Cuevas, es imprescindible que en estas marchas se exija al Gobierno de M\u00e9xico \u201cque realmente preste atenci\u00f3n\u201d y que proporcione atenci\u00f3n integral a las personas trans y al resto de miembros del colectivo.<\/p>\n\n\n\n<p>\u201cPorque nada m\u00e1s nos dan atenci\u00f3n a cuentagotas, es para callarnos el hocico y decir que est\u00e1n teniendo apertura\u201d, critic\u00f3.<\/p>\n\n\n\n<p><strong>PARTICIPACI\u00d3N COMO ARMA<\/strong><\/p>\n\n\n\n<p>Ante este complejo escenario debido a la coyuntura pospandemia, la comunidad ha aumentado su presencia pol\u00edtica, en los congresos y en las instituciones, y se ha dado cuenta de que dicha participaci\u00f3n puede desembocar en legislaci\u00f3n que proteja sus derechos humanos.<\/p>\n\n\n\n<p>\u201cNuestro movimiento me parece que est\u00e1 reconociendo la posibilidad de la participaci\u00f3n en esos espacios de manera coyuntural. Empezamos a darnos cuenta de la importancia de nuestra participaci\u00f3n pol\u00edtica en esos espacios y es importante que nuestras instituciones garanticen nuestra permanencia ah\u00ed\u201d, complement\u00f3 Tagle.<\/p>\n\n\n\n<p>Los avances legislativos no han sido pocos, pero muchas de las promesas como la ilegalizaci\u00f3n de las \u201cmal llamadas terapias de conversi\u00f3n\u201d se quedaron en nada.<\/p>\n\n\n\n<p>Sin embargo, este asunto s\u00ed ha avanzado, como otros, en los Congresos estatales, mientras que el federal \u201cse queda atr\u00e1s\u201d.<\/p>\n\n\n\n<p>\u201cNuestra preocupaci\u00f3n ser\u00eda que tal vez hay un presidente (Andr\u00e9s Manuel L\u00f3pes Obrador) que est\u00e1 instruyendo que no se legislen esas posiciones porque vemos que en los estados est\u00e1 pasando. No sabemos si es estrategia para no polarizar\u201d, opin\u00f3 Tagle.<\/p>\n\n\n\n<p><strong>EN MEDIO DE LA LEGISLATURA<\/strong><\/p>\n\n\n\n<p>Por \u00faltimo, el director de Yaaj M\u00e9xico mencion\u00f3 la relevancia que puede tener lo que suceda en los pr\u00f3ximos meses de cara a las elecciones presidenciales de 2024.<\/p>\n\n\n\n<p>Y, aunque se mostr\u00f3 esperanzado de que todav\u00eda hay tiempo para que se materialicen m\u00e1s promesas, destac\u00f3 la importancia de mantener una postura cr\u00edtica.<\/p>\n\n\n\n<p>\u201cMe parece que nuestros partidos y Gobiernos tendr\u00edan que hacer v\u00e1lidas sus promesas. (&#8230;) Si no sucede eso, si vemos que las promesas no se consolidan o no avanzan, pues en 2024 hay que tener postura cr\u00edtica con el partido hegem\u00f3nico y quienes est\u00e1n ocupando\u201d, termin\u00f3.<\/p>\n","protected":false},"excerpt":{"rendered":"<p>M\u00e9xico llega este a\u00f1o al mes del orgullo LGBT, que se inicia este mi\u00e9rcoles, con &#8220;promesas incumplidas&#8221; por parte de las autoridades y mucho trabajo por hacer, pero habiendo ganado espacio en la esfera pol\u00edtica y con avances legislativos, indicaron activistas. \u201cHay mucho que madurar como pa\u00eds (&#8230;) y hay muchas promesas, pero la realidad [&hellip;]<\/p>\n","protected":false},"author":80,"featured_media":217065,"comment_status":"closed","ping_status":"closed","sticky":false,"template":"","format":"standard","meta":{"footnotes":""},"categories":[15,36],"tags":[],"class_list":["post-217054","post","type-post","status-publish","format-standard","has-post-thumbnail","hentry","category-destacadas","category-nacion"],"_links":{"self":[{"href":"https:\/\/plazajuarez.mx\/historico\/wp-json\/wp\/v2\/posts\/217054","targetHints":{"allow":["GET"]}}],"collection":[{"href":"https:\/\/plazajuarez.mx\/historico\/wp-json\/wp\/v2\/posts"}],"about":[{"href":"https:\/\/plazajuarez.mx\/historico\/wp-json\/wp\/v2\/types\/post"}],"author":[{"embeddable":true,"href":"https:\/\/plazajuarez.mx\/historico\/wp-json\/wp\/v2\/users\/80"}],"replies":[{"embeddable":true,"href":"https:\/\/plazajuarez.mx\/historico\/wp-json\/wp\/v2\/comments?post=217054"}],"version-history":[{"count":0,"href":"https:\/\/plazajuarez.mx\/historico\/wp-json\/wp\/v2\/posts\/217054\/revisions"}],"wp:featuredmedia":[{"embeddable":true,"href":"https:\/\/plazajuarez.mx\/historico\/wp-json\/wp\/v2\/media\/217065"}],"wp:attachment":[{"href":"https:\/\/plazajuarez.mx\/historico\/wp-json\/wp\/v2\/media?parent=217054"}],"wp:term":[{"taxonomy":"category","embeddable":true,"href":"https:\/\/plazajuarez.mx\/historico\/wp-json\/wp\/v2\/categories?post=217054"},{"taxonomy":"post_tag","embeddable":true,"href":"https:\/\/plazajuarez.mx\/historico\/wp-json\/wp\/v2\/tags?post=217054"}],"curies":[{"name":"wp","href":"https:\/\/api.w.org\/{rel}","templated":true}]}}