{"id":217048,"date":"2022-06-01T10:58:23","date_gmt":"2022-06-01T15:58:23","guid":{"rendered":"https:\/\/plazajuarez.mx\/?p=217048"},"modified":"2022-06-01T10:59:01","modified_gmt":"2022-06-01T15:59:01","slug":"elementos-de-la-policia-estatal-aseguraron-a-dos-individuos-que-portaban-armas-de-fuego","status":"publish","type":"post","link":"https:\/\/plazajuarez.mx\/historico\/elementos-de-la-policia-estatal-aseguraron-a-dos-individuos-que-portaban-armas-de-fuego\/","title":{"rendered":"Elementos de la Polic\u00eda Estatal aseguraron a dos individuos que portaban armas de fuego"},"content":{"rendered":"\n<p>Mediante la implementaci\u00f3n de actividades de prevenci\u00f3n y combate a delitos cometidos con armas de fuego, dos personas fueron aseguradas en los municipios de Tula y Tulancingo por agentes de la Secretar\u00eda de Seguridad P\u00fablica de Hidalgo.<\/p>\n\n\n\n<p>En ambos casos, los sujetos quedaron a disposici\u00f3n de la Fiscal\u00eda General de la Rep\u00fablica, mediante su representaci\u00f3n en Hidalgo<\/p>\n\n\n\n<p>En un comunicado oficial, se establece que inicialmente un hombre en actitud sospechosa, fue intervenido en la calle Gilberto G\u00f3mez de Tulancingo, junto con un veh\u00edculo Pontiac Solstice, color negro, con placas de circulaci\u00f3n del Estado de M\u00e9xico.<\/p>\n\n\n\n<p>Luego de practicarle una revisi\u00f3n de rutina al individuo, que se identific\u00f3 como E.R.C., de 28 a\u00f1os de edad, se le asegur\u00f3 una pistola abastecida con 12 cartuchos \u00fatiles de la que no pudo acreditar la documentaci\u00f3n legal correspondiente.<\/p>\n\n\n\n<p>Asimismo en la carretera El Carmen-San Marcos, del municipio de Tula de Allende, oficiales estatales detectaron una camioneta Nissan Juke, color rojo, con l\u00e1minas para transitar por la Ciudad de M\u00e9xico.<\/p>\n\n\n\n<p>El tripulante, que dijo llamarse M.F.R., de 47 a\u00f1os, trasladaba en el veh\u00edculo un arma de fuego calibre nueve mil\u00edmetros, la cual estaba abastecida con cinco cartuchos \u00fatiles.<\/p>\n\n\n\n<p>En ambos casos, los sujetos quedaron a disposici\u00f3n de la Fiscal\u00eda General de la Rep\u00fablica, mediante su representaci\u00f3n en Hidalgo, para el desarrollo de investigaciones en consecuencia.&nbsp;<\/p>\n\n\n\n<p>&nbsp;La Secretar\u00eda de Seguridad P\u00fablica de Hidalgo reiter\u00f3 el llamado a la ciudadan\u00eda para contribuir con estas acciones, realizando reportes mediante el 911 de Emergencias y\/o 089 para Denuncia An\u00f3nima.<\/p>\n","protected":false},"excerpt":{"rendered":"<p>Mediante la implementaci\u00f3n de actividades de prevenci\u00f3n y combate a delitos cometidos con armas de fuego, dos personas fueron aseguradas en los municipios de Tula y Tulancingo por agentes de la Secretar\u00eda de Seguridad P\u00fablica de Hidalgo. En ambos casos, los sujetos quedaron a disposici\u00f3n de la Fiscal\u00eda General de la Rep\u00fablica, mediante su representaci\u00f3n [&hellip;]<\/p>\n","protected":false},"author":93,"featured_media":217053,"comment_status":"closed","ping_status":"closed","sticky":false,"template":"","format":"standard","meta":{"footnotes":""},"categories":[37],"tags":[],"class_list":["post-217048","post","type-post","status-publish","format-standard","has-post-thumbnail","hentry","category-barandilla"],"_links":{"self":[{"href":"https:\/\/plazajuarez.mx\/historico\/wp-json\/wp\/v2\/posts\/217048","targetHints":{"allow":["GET"]}}],"collection":[{"href":"https:\/\/plazajuarez.mx\/historico\/wp-json\/wp\/v2\/posts"}],"about":[{"href":"https:\/\/plazajuarez.mx\/historico\/wp-json\/wp\/v2\/types\/post"}],"author":[{"embeddable":true,"href":"https:\/\/plazajuarez.mx\/historico\/wp-json\/wp\/v2\/users\/93"}],"replies":[{"embeddable":true,"href":"https:\/\/plazajuarez.mx\/historico\/wp-json\/wp\/v2\/comments?post=217048"}],"version-history":[{"count":0,"href":"https:\/\/plazajuarez.mx\/historico\/wp-json\/wp\/v2\/posts\/217048\/revisions"}],"wp:featuredmedia":[{"embeddable":true,"href":"https:\/\/plazajuarez.mx\/historico\/wp-json\/wp\/v2\/media\/217053"}],"wp:attachment":[{"href":"https:\/\/plazajuarez.mx\/historico\/wp-json\/wp\/v2\/media?parent=217048"}],"wp:term":[{"taxonomy":"category","embeddable":true,"href":"https:\/\/plazajuarez.mx\/historico\/wp-json\/wp\/v2\/categories?post=217048"},{"taxonomy":"post_tag","embeddable":true,"href":"https:\/\/plazajuarez.mx\/historico\/wp-json\/wp\/v2\/tags?post=217048"}],"curies":[{"name":"wp","href":"https:\/\/api.w.org\/{rel}","templated":true}]}}