{"id":217047,"date":"2022-06-01T10:58:18","date_gmt":"2022-06-01T15:58:18","guid":{"rendered":"https:\/\/plazajuarez.mx\/?p=217047"},"modified":"2022-06-01T10:58:47","modified_gmt":"2022-06-01T15:58:47","slug":"un-comando-armado-ejecuto-a-balazos-a-yaneth-n-la-sicaria","status":"publish","type":"post","link":"https:\/\/plazajuarez.mx\/historico\/un-comando-armado-ejecuto-a-balazos-a-yaneth-n-la-sicaria\/","title":{"rendered":"Un comando armado ejecut\u00f3 a balazos a Yaneth &#8220;N&#8221;, &#8220;La Sicaria&#8221;"},"content":{"rendered":"\n<p>La noche de este lunes, la violencia se recrudeci\u00f3 en el municipio de El Cardonal, luego de que un comando de hombres con armas de fuego de grueso calibre ejecutaron a balazos a una mujer de 33 a\u00f1os y una vez cometido el crimen se dieron a la fuga con rumbo desconocido.<\/p>\n\n\n\n<p>Vecinos del lugar alertaron al 911 de Emergencias de que se escucharon disparos de arma de fuego y solicitaron la presencia de elementos policiacos de la regi\u00f3n en la colonia Centro de El Cardonal.<\/p>\n\n\n\n<p>De ello en el lugar de los hechos, los oficiales de la Polic\u00eda Municipal, reportaron sobre la localizaci\u00f3n de una persona del g\u00e9nero femenino sin vida y tirada al costado de un veh\u00edculo en la calle Manzana Dos del municipio antes descrito.<\/p>\n\n\n\n<p>En la informaci\u00f3n se estableci\u00f3 que en el sitio se encuentra un veh\u00edculo Honda, color caf\u00e9, con placas de circulaci\u00f3n del Estado de M\u00e9xico, y a un&nbsp; costado de localiz\u00f3 a una persona del g\u00e9nero femenino, quien habr\u00eda sido identificada con el nombre de Yaneth &#8220;V&#8221; &#8220;G&#8221; &#8220;M&#8221;, mejor conocida con el apodo de &#8220;La Sicaria&#8221;.<\/p>\n\n\n\n<p>Elementos polic\u00edacos indicaron que el cuerpo de la infortunada presentaba lesiones producidas por armas de fuego en la cabeza y en el t\u00f3rax.<\/p>\n\n\n\n<p>En el lugar socorristas y param\u00e9dicos que tripulaban una ambulancia de Protecci\u00f3n Civil municipal, confirmaron el deceso de la mujer.<\/p>\n\n\n\n<p>Hasta el momento no se tienes los perfiles y las caracter\u00edsticas de los presuntos responsables del asesinato, por lo efectivos de la Polic\u00eda de Investigaci\u00f3n iniciaron las indagatorias para esclarecer el caso.<\/p>\n\n\n\n<p>De manera extraoficial, se sabe que desde meses anteriores la mujer ya hab\u00eda recibido varias amenazas de muerte.<\/p>\n","protected":false},"excerpt":{"rendered":"<p>La noche de este lunes, la violencia se recrudeci\u00f3 en el municipio de El Cardonal, luego de que un comando de hombres con armas de fuego de grueso calibre ejecutaron a balazos a una mujer de 33 a\u00f1os y una vez cometido el crimen se dieron a la fuga con rumbo desconocido. Vecinos del lugar [&hellip;]<\/p>\n","protected":false},"author":93,"featured_media":217050,"comment_status":"closed","ping_status":"closed","sticky":false,"template":"","format":"standard","meta":{"footnotes":""},"categories":[37],"tags":[],"class_list":["post-217047","post","type-post","status-publish","format-standard","has-post-thumbnail","hentry","category-barandilla"],"_links":{"self":[{"href":"https:\/\/plazajuarez.mx\/historico\/wp-json\/wp\/v2\/posts\/217047","targetHints":{"allow":["GET"]}}],"collection":[{"href":"https:\/\/plazajuarez.mx\/historico\/wp-json\/wp\/v2\/posts"}],"about":[{"href":"https:\/\/plazajuarez.mx\/historico\/wp-json\/wp\/v2\/types\/post"}],"author":[{"embeddable":true,"href":"https:\/\/plazajuarez.mx\/historico\/wp-json\/wp\/v2\/users\/93"}],"replies":[{"embeddable":true,"href":"https:\/\/plazajuarez.mx\/historico\/wp-json\/wp\/v2\/comments?post=217047"}],"version-history":[{"count":0,"href":"https:\/\/plazajuarez.mx\/historico\/wp-json\/wp\/v2\/posts\/217047\/revisions"}],"wp:featuredmedia":[{"embeddable":true,"href":"https:\/\/plazajuarez.mx\/historico\/wp-json\/wp\/v2\/media\/217050"}],"wp:attachment":[{"href":"https:\/\/plazajuarez.mx\/historico\/wp-json\/wp\/v2\/media?parent=217047"}],"wp:term":[{"taxonomy":"category","embeddable":true,"href":"https:\/\/plazajuarez.mx\/historico\/wp-json\/wp\/v2\/categories?post=217047"},{"taxonomy":"post_tag","embeddable":true,"href":"https:\/\/plazajuarez.mx\/historico\/wp-json\/wp\/v2\/tags?post=217047"}],"curies":[{"name":"wp","href":"https:\/\/api.w.org\/{rel}","templated":true}]}}