{"id":217003,"date":"2022-06-01T07:25:59","date_gmt":"2022-06-01T12:25:59","guid":{"rendered":"https:\/\/plazajuarez.mx\/?p=217003"},"modified":"2022-06-01T07:26:12","modified_gmt":"2022-06-01T12:26:12","slug":"dese-por-enterado-986","status":"publish","type":"post","link":"https:\/\/plazajuarez.mx\/historico\/dese-por-enterado-986\/","title":{"rendered":"DESE POR ENTERADO"},"content":{"rendered":"\n<p><strong>PLAZA JUAREZ-TV. \u2013<\/strong> El d\u00eda domingo arranca transmisiones en vivo y de manera formal <strong>PLAZA JU\u00c1REZ-TV,<\/strong> a trav\u00e9s de la plataforma de Facebook, con toda la informaci\u00f3n de la elecci\u00f3n para la renovaci\u00f3n del Poder Ejecutivo de Hidalgo. A\u00fan cuando desde hace dos a\u00f1os pusimos en marcha nuestro canal de YouTube, con producciones que nos han llevado hasta los Estados Unidos, el domingo coincidir\u00e1 con la inauguraci\u00f3n de nuestro Estudio, que se agrega a la <strong>RADIO PLAZA JU\u00c1REZ<\/strong> y el <strong>Centro de Producci\u00f3n Digital<\/strong>. En <strong><em>Diario Plaza Ju\u00e1rez<\/em><\/strong> no dejamos de trabajar en la conformaci\u00f3n de la alternativa m\u00e1s importante en medios digitales. Muy pronto habr\u00e1 m\u00e1s sorpresas, porque el objetivo trazado es competir a nivel nacional e internacional con la Casa Productora de medios audiovisuales m\u00e1s profesional de Hidalgo.<\/p>\n\n\n\n<p>***<\/p>\n\n\n\n<p><strong>HOY SE ACABAN LAS CAMPA\u00d1AS. \u2013<\/strong> Todo llega a su fin, y tal cual dice la canci\u00f3n que entonaban en el Show de Porky, los seguidores de quienes buscar\u00e1n suceder en el cargo a <strong>Omar Fayad Meneses,<\/strong> entonar\u00e1n: \u201cl\u00e1stima que termin\u00f3, el festival de hoy\u2026 pronto volveremos con m\u00e1s diversi\u00f3n\u201d. Ojal\u00e1 todo fuera diversi\u00f3n, pero el asunto va mucho m\u00e1s all\u00e1. As\u00ed que desde ma\u00f1ana habr\u00e1 silencio sepulcral, porque todos entraremos en modo de reflexi\u00f3n, de profunda meditaci\u00f3n para decidir el sufragio. No se diga los candidatos y la candidata, que avisan entrar\u00e1n en contacto con el creador, el divino, para invocar sus poderes.<\/p>\n\n\n\n<p>***<\/p>\n\n\n\n<p><strong>TERMINADO EL NEGOCIO, LEVANTA SU CARPA. \u2013<\/strong> Causa extra\u00f1eza que la Casa de Campa\u00f1a que \u201crent\u00f3\u201d el cantante atr\u00e1s de una gasolinera que est\u00e1 sobre bulevar Colosio, solo haya lucido la propaganda de Movimiento Ciudadano el d\u00eda que <strong>Dante Delgado<\/strong> vino a ofrecer una conferencia y apoyar a <strong>Francisco Xavier<\/strong>. Algunos dicen que el cantante quiso hacer unos ahorritos; otros, que solo fue para mostrarle al dirigente nacional la gran \u201cCasa de Campa\u00f1a\u201d que tuvo, pero no ocup\u00f3 m\u00e1s que para la conferencia de prensa del pasado lunes 23 de mayo. El hecho es que, terminada la funci\u00f3n, esta vez de dos pistas, el gran trapecista, malabarista y hasta saltimbanqui, ya se pas\u00f3 a retirar, aunque nadie extra\u00f1e que, por una m\u00f3dica cantidad, decida hacer una presentaci\u00f3n extra.<\/p>\n\n\n\n<p>***<\/p>\n\n\n\n<p><strong>OTRA DE LA DIPUTADA OCURRENTE. \u2013<\/strong> En tiempos que las instituciones caen cual naipes en un juego de mesa, la legisladora local de Morena, <strong>Sharon Macotela<\/strong>, ha decidido que de plano el \u00fanico papel que puede desempe\u00f1ar como representante popular, es el de \u201cestandupera\u201d, que con sus gracejadas puede atraer la atenci\u00f3n del respetable p\u00fablico, a falta de iniciativas. La \u00faltima, antes que terminen las campa\u00f1as fue subir a tribuna para poner la grabaci\u00f3n del candidato de su partido al gobierno estatal, y que lejos de ayudar al abanderado morenista, solo hace ver que la ocurrente diputada, que celebr\u00f3 el cumple de su hija en el Congreso, simplemente cumple su papel a la perfecci\u00f3n. Con todo respeto, como que debiera haber m\u00e1s seriedad.<\/p>\n\n\n\n<p>***<\/p>\n\n\n\n<p><strong>Aviso para que no digan: Esta columna se nutre de comentarios recabados por agencias del Recontra-Espionaje, muy similares a las que populariz\u00f3 el \u201cS\u00faper Agente 86\u201d en sus tiempos. Como tal lo que publicamos puede que sea cierto, puede que no, o todo lo contrario. Est\u00e1 usted en libertad de creer o no lo que lee, recontra-enojarse, recontra- carcajearse y hasta recontra-recordarnos a nuestra jefecita (nosotros recontra-haremos lo propio). Avisado est\u00e1 usted.&nbsp;<\/strong><\/p>\n\n\n\n<p><strong>desexenterado@gmail.com @desexenterado&nbsp;<\/strong><\/p>\n","protected":false},"excerpt":{"rendered":"<p>PLAZA JUAREZ-TV. \u2013 El d\u00eda domingo arranca transmisiones en vivo y de manera formal PLAZA JU\u00c1REZ-TV, a trav\u00e9s de la plataforma de Facebook, con toda la informaci\u00f3n de la elecci\u00f3n para la renovaci\u00f3n del Poder Ejecutivo de Hidalgo. A\u00fan cuando desde hace dos a\u00f1os pusimos en marcha nuestro canal de YouTube, con producciones que nos [&hellip;]<\/p>\n","protected":false},"author":93,"featured_media":208507,"comment_status":"closed","ping_status":"closed","sticky":false,"template":"","format":"standard","meta":{"footnotes":""},"categories":[83],"tags":[],"class_list":["post-217003","post","type-post","status-publish","format-standard","has-post-thumbnail","hentry","category-dese-por-enterado"],"_links":{"self":[{"href":"https:\/\/plazajuarez.mx\/historico\/wp-json\/wp\/v2\/posts\/217003","targetHints":{"allow":["GET"]}}],"collection":[{"href":"https:\/\/plazajuarez.mx\/historico\/wp-json\/wp\/v2\/posts"}],"about":[{"href":"https:\/\/plazajuarez.mx\/historico\/wp-json\/wp\/v2\/types\/post"}],"author":[{"embeddable":true,"href":"https:\/\/plazajuarez.mx\/historico\/wp-json\/wp\/v2\/users\/93"}],"replies":[{"embeddable":true,"href":"https:\/\/plazajuarez.mx\/historico\/wp-json\/wp\/v2\/comments?post=217003"}],"version-history":[{"count":0,"href":"https:\/\/plazajuarez.mx\/historico\/wp-json\/wp\/v2\/posts\/217003\/revisions"}],"wp:featuredmedia":[{"embeddable":true,"href":"https:\/\/plazajuarez.mx\/historico\/wp-json\/wp\/v2\/media\/208507"}],"wp:attachment":[{"href":"https:\/\/plazajuarez.mx\/historico\/wp-json\/wp\/v2\/media?parent=217003"}],"wp:term":[{"taxonomy":"category","embeddable":true,"href":"https:\/\/plazajuarez.mx\/historico\/wp-json\/wp\/v2\/categories?post=217003"},{"taxonomy":"post_tag","embeddable":true,"href":"https:\/\/plazajuarez.mx\/historico\/wp-json\/wp\/v2\/tags?post=217003"}],"curies":[{"name":"wp","href":"https:\/\/api.w.org\/{rel}","templated":true}]}}