{"id":216993,"date":"2022-05-31T14:22:25","date_gmt":"2022-05-31T19:22:25","guid":{"rendered":"https:\/\/plazajuarez.mx\/?p=216993"},"modified":"2022-05-31T14:22:32","modified_gmt":"2022-05-31T19:22:32","slug":"michelle_mexicana","status":"publish","type":"post","link":"https:\/\/plazajuarez.mx\/historico\/michelle_mexicana\/","title":{"rendered":"La mexicana Michelle Renaud toma el reto de hacer cine y telenovelas a la vez"},"content":{"rendered":"\n<p>La actriz mexicana Michelle Renaud no se puede explicar a s\u00ed misma c\u00f3mo es que logr\u00f3 incursionar en el cine mientras se encontraba en grabaciones de \u201cLa herencia\u201d, telenovela que protagoniza y que, asegura, ha sido su &#8220;mejor proyecto\u201d.<\/p>\n\n\n\n<p>\u201cNo s\u00e9 como lo logr\u00e9, creo que soy la primera protagonista que puede estar haciendo una telenovela y al mismo tiempo estar en una pel\u00edcula, no s\u00e9 c\u00f3mo le hice, se lograron las dos y aunque yo soy &#8216;protelenovelas&#8217; de toda la vida, hacer cine tambi\u00e9n me encanto\u201d, cuenta este martes la artista de 33 a\u00f1os en entrevista con Efe.<\/p>\n\n\n\n<p>Renaud ser\u00e1 parte de las pr\u00f3ximas dos pel\u00edculas de J.M. Cravioto, \u201cCorazonada\u201d, que centra su trama en el \u201cfraude m\u00e1s grande de la historia de M\u00e9xico\u201d, ocurrido en el 2012 con un premio de la loter\u00eda, y \u201cMalvada\u201d, en donde ella dar\u00e1 vida a una supuesta bruja.<\/p>\n\n\n\n<p>Si bien estar dividida en dos proyectos fue todo un reto, Renaud confiesa que ha sido para ella muy impactante ver que su trabajo ha podido diversificarse al llegar a la pantalla grande junto a personalidades como Osvaldo Benavides, Bruno Bichir, Adri\u00e1n V\u00e1zquez, entre otros.<\/p>\n\n\n\n<p>\u201cCuando me veo en \u2018Malvada\u2019 no puedo creer que sea yo la que est\u00e1 ah\u00ed, creo que va a sorprender a muchos\u201d, apunta.<\/p>\n\n\n\n<p>\u201cHa sido incre\u00edble, yo todos los d\u00edas llegaba a grabar y les dec\u00eda que necesitaba oxitocina y todos me abrazaban, era un amor constante, hac\u00edamos escenas en donde termin\u00e1bamos y nos abraz\u00e1bamos una hora por todo lo que nos acabamos de mover\u201d, relata.<\/p>\n\n\n\n<p>LA MAGIA DE LA TELENOVELA<\/p>\n\n\n\n<p>La telenovela sigue la vida de Sara, una mujer que llega a exigir la parte de su herencia a la casa de su padre y tiene un primer encuentro con sus cinco hermanos, que no tomar\u00e1n con tranquilidad su llegada.<\/p>\n\n\n\n<p>Sus hermanos en la ficci\u00f3n son interpretados por Mauricio Henao, Daniel Elbittar, Emmanuel Palomares, Juan Pablo Gil y Mat\u00edas Novoa, con quienes sobrepas\u00f3 la parte actoral y aunque las grabaciones del proyecto terminaron, Renaud dice que se queda con el amor y la amistad que cre\u00f3 con sus compa\u00f1eros a quienes en la vida real considera familia.<\/p>\n\n\n\n<p>\u201cMe hab\u00eda tocado trabajar en producciones incre\u00edbles pero aqu\u00ed hubo algo m\u00e1s, hab\u00eda una relaci\u00f3n entre todos mucho m\u00e1s \u00edntima y m\u00e1gica. Sin duda es el mejor proyecto que he hecho\u201d, cuenta.<\/p>\n\n\n\n<p>No obstante, no todo en las grabaciones fue sencillo, pues Michelle confiesa que vivi\u00f3 un accidente que la llev\u00f3 al hospital, pero incluso de esa experiencia logr\u00f3 encontrar uno de sus hobbies m\u00e1s queridos por ahora.<\/p>\n\n\n\n<p>&#8220;Yo tuve que empezar a meterme diario a una tina con hielos porque en las grabaciones de &#8216;La herencia&#8217; me ca\u00ed de un caballo y termin\u00e9 en el hospital, para poder seguir grabando necesitaba caminar y con los hielos lo logr\u00e9, ahora quiero que todo el mundo lo pruebe porque me encanta compartir lo que me funciona y esto les va a cambiar la vida&#8221;, asegura.<\/p>\n\n\n\n<p>Finalmente, Renaud adelanta que la historia de Sara y sus hermanos continuar\u00e1 llena de sorpresas e intrigas y considera que la ense\u00f1anza m\u00e1s grande que deja la historia es el pensar en las acciones que tenemos hacia nuestro entorno.<\/p>\n\n\n\n<p>&#8220;Lo m\u00e1s importante es que las herencias m\u00e1s grandes que dejamos es el legado de amor, la uni\u00f3n familiar, siempre pensamos en el dinero cuando se habla de herencias, pero esta historia nos ense\u00f1a la amistad, la hermandad, el ser honestos&#8221;, dice.<\/p>\n","protected":false},"excerpt":{"rendered":"<p>La actriz mexicana Michelle Renaud no se puede explicar a s\u00ed misma c\u00f3mo es que logr\u00f3 incursionar en el cine mientras se encontraba en grabaciones de \u201cLa herencia\u201d, telenovela que protagoniza y que, asegura, ha sido su &#8220;mejor proyecto\u201d. \u201cNo s\u00e9 como lo logr\u00e9, creo que soy la primera protagonista que puede estar haciendo una [&hellip;]<\/p>\n","protected":false},"author":80,"featured_media":216994,"comment_status":"closed","ping_status":"closed","sticky":false,"template":"","format":"standard","meta":{"footnotes":""},"categories":[38],"tags":[],"class_list":["post-216993","post","type-post","status-publish","format-standard","has-post-thumbnail","hentry","category-show"],"_links":{"self":[{"href":"https:\/\/plazajuarez.mx\/historico\/wp-json\/wp\/v2\/posts\/216993","targetHints":{"allow":["GET"]}}],"collection":[{"href":"https:\/\/plazajuarez.mx\/historico\/wp-json\/wp\/v2\/posts"}],"about":[{"href":"https:\/\/plazajuarez.mx\/historico\/wp-json\/wp\/v2\/types\/post"}],"author":[{"embeddable":true,"href":"https:\/\/plazajuarez.mx\/historico\/wp-json\/wp\/v2\/users\/80"}],"replies":[{"embeddable":true,"href":"https:\/\/plazajuarez.mx\/historico\/wp-json\/wp\/v2\/comments?post=216993"}],"version-history":[{"count":0,"href":"https:\/\/plazajuarez.mx\/historico\/wp-json\/wp\/v2\/posts\/216993\/revisions"}],"wp:featuredmedia":[{"embeddable":true,"href":"https:\/\/plazajuarez.mx\/historico\/wp-json\/wp\/v2\/media\/216994"}],"wp:attachment":[{"href":"https:\/\/plazajuarez.mx\/historico\/wp-json\/wp\/v2\/media?parent=216993"}],"wp:term":[{"taxonomy":"category","embeddable":true,"href":"https:\/\/plazajuarez.mx\/historico\/wp-json\/wp\/v2\/categories?post=216993"},{"taxonomy":"post_tag","embeddable":true,"href":"https:\/\/plazajuarez.mx\/historico\/wp-json\/wp\/v2\/tags?post=216993"}],"curies":[{"name":"wp","href":"https:\/\/api.w.org\/{rel}","templated":true}]}}