{"id":216987,"date":"2022-05-31T14:10:48","date_gmt":"2022-05-31T19:10:48","guid":{"rendered":"https:\/\/plazajuarez.mx\/?p=216987"},"modified":"2022-05-31T14:24:02","modified_gmt":"2022-05-31T19:24:02","slug":"oms_","status":"publish","type":"post","link":"https:\/\/plazajuarez.mx\/historico\/oms_\/","title":{"rendered":"La OMS premia al presidente de M\u00e9xico por su lucha contra el tabaco"},"content":{"rendered":"\n<p>La Organizaci\u00f3n Mundial de la Salud (OMS) premi\u00f3 este martes por el D\u00eda Mundial Sin Tabaco al presidente mexicano, Andr\u00e9s Manuel L\u00f3pez Obrador, por sus pol\u00edticas contra esta sustancia, incluyendo un nuevo decreto que proh\u00edbe los cigarrillos electr\u00f3nicos y vapeadores.<\/p>\n\n\n\n<p>El premio es &#8220;un reconocimiento a su liderazgo y apoyo inquebrantable para fortalecer las medidas de control de tabaco en M\u00e9xico&#8221;, expuso Miguel Malo Serrano, representante de la OMS en el pa\u00eds, al entregar el galard\u00f3n a L\u00f3pez Obrador durante la conferencia matutina del Palacio Nacional.<\/p>\n\n\n\n<p>\u201cEs tambi\u00e9n un reconocimiento, se\u00f1or presidente, reafirmando la importancia del control de tabaco y, sobre todo, asegurando permanentemente que el derecho a la salud de la poblaci\u00f3n mexicana est\u00e1 por encima de los intereses del mercado&#8221;, expres\u00f3 Malo Serrano.<\/p>\n\n\n\n<p>El representante de la OMS resalt\u00f3 que las gestiones del presidente de M\u00e9xico &#8220;llevaron a la aprobaci\u00f3n un\u00e1nime de la reforma de la Ley General de Control de Tabaco en el 2021, que han resultado en la prohibici\u00f3n total de la publicidad, promoci\u00f3n y patrocinio del tabaco&#8221;.<\/p>\n\n\n\n<p>Tambi\u00e9n destac\u00f3 &#8220;la creaci\u00f3n de ambientes libres de humo en todo el pa\u00eds\u201d.<\/p>\n\n\n\n<p>La nominaci\u00f3n de L\u00f3pez Obrador al premio la propuso el Comit\u00e9 Interinstitucional para la Lucha contra el Tabaco, &#8220;una de las coaliciones hist\u00f3ricas en M\u00e9xico&#8221; en el combate a esta sustancia, detall\u00f3 el funcionario internacional.<\/p>\n\n\n\n<p>La OMS instaur\u00f3 el 31 de mayo de 1987 el D\u00eda Mundial Sin Tabaco para controlar la droga.<\/p>\n\n\n\n<p>Malo Serrano argument\u00f3 que \u201cel tabaco no solo mata a las personas, sino tambi\u00e9n est\u00e1 da\u00f1ando a nuestra madre tierra\u201d, al citar que la industria tala cada a\u00f1o 600 millones de \u00e1rboles, emite 84 millones de toneladas m\u00e9tricas de di\u00f3xido de carbono y utiliza 22.000 millones de litros de agua.<\/p>\n\n\n\n<p>M\u00c9XICO PROH\u00cdBE VAPEADORES<\/p>\n\n\n\n<p>En el evento, el presidente de M\u00e9xico tambi\u00e9n firm\u00f3 el decreto que proh\u00edbe la circulaci\u00f3n y comercializaci\u00f3n de los sistemas electr\u00f3nicos de administraci\u00f3n de nicotina, cigarrillos electr\u00f3nicos y vaporizadores.<\/p>\n\n\n\n<p>El representante de la OMS denunci\u00f3 que la industria del tabaco &#8220;perversamente&#8221; est\u00e1 orientando estos productos a los menores de edad.<\/p>\n\n\n\n<p>\u201cEs para nosotros en la regi\u00f3n, esas medidas de control de nuevos productos de tabaco, un referente, porque es un ejemplo de pol\u00edtica para precautelar y proteger la salud y el bienestar, principalmente de ni\u00f1os, ni\u00f1as y adolescentes&#8221;, coment\u00f3 Malo Serrano.<\/p>\n\n\n\n<p>L\u00f3pez Obrador ha combatido durante su gesti\u00f3n a los cigarrillos electr\u00f3nicos con medidas previas que prohib\u00edan su importaci\u00f3n.<\/p>\n\n\n\n<p>Pero la Suprema Corte declar\u00f3 en octubre de 2021 inconstitucional la prohibici\u00f3n absoluta de los cigarrillos electr\u00f3nicos con el argumento de que &#8220;vulnera la libertad de comercio&#8221;.<\/p>\n\n\n\n<p>A pesar de la incertidumbre jur\u00eddica, el presidente argument\u00f3 este martes que &#8220;es poner el tema sobre la mesa&#8221;.<\/p>\n\n\n\n<p>&#8220;Porque estoy seguro, o me dejo de llamar Andr\u00e9s Manuel, que la mayor\u00eda de las madres y de los padres no saben del da\u00f1o que ocasiona, es un asunto de informaci\u00f3n\u201d, sostuvo.<\/p>\n","protected":false},"excerpt":{"rendered":"<p>La Organizaci\u00f3n Mundial de la Salud (OMS) premi\u00f3 este martes por el D\u00eda Mundial Sin Tabaco al presidente mexicano, Andr\u00e9s Manuel L\u00f3pez Obrador, por sus pol\u00edticas contra esta sustancia, incluyendo un nuevo decreto que proh\u00edbe los cigarrillos electr\u00f3nicos y vapeadores. El premio es &#8220;un reconocimiento a su liderazgo y apoyo inquebrantable para fortalecer las medidas [&hellip;]<\/p>\n","protected":false},"author":81,"featured_media":216988,"comment_status":"closed","ping_status":"closed","sticky":false,"template":"","format":"standard","meta":{"footnotes":""},"categories":[15,36],"tags":[144],"class_list":["post-216987","post","type-post","status-publish","format-standard","has-post-thumbnail","hentry","category-destacadas","category-nacion","tag-amlo"],"_links":{"self":[{"href":"https:\/\/plazajuarez.mx\/historico\/wp-json\/wp\/v2\/posts\/216987","targetHints":{"allow":["GET"]}}],"collection":[{"href":"https:\/\/plazajuarez.mx\/historico\/wp-json\/wp\/v2\/posts"}],"about":[{"href":"https:\/\/plazajuarez.mx\/historico\/wp-json\/wp\/v2\/types\/post"}],"author":[{"embeddable":true,"href":"https:\/\/plazajuarez.mx\/historico\/wp-json\/wp\/v2\/users\/81"}],"replies":[{"embeddable":true,"href":"https:\/\/plazajuarez.mx\/historico\/wp-json\/wp\/v2\/comments?post=216987"}],"version-history":[{"count":0,"href":"https:\/\/plazajuarez.mx\/historico\/wp-json\/wp\/v2\/posts\/216987\/revisions"}],"wp:featuredmedia":[{"embeddable":true,"href":"https:\/\/plazajuarez.mx\/historico\/wp-json\/wp\/v2\/media\/216988"}],"wp:attachment":[{"href":"https:\/\/plazajuarez.mx\/historico\/wp-json\/wp\/v2\/media?parent=216987"}],"wp:term":[{"taxonomy":"category","embeddable":true,"href":"https:\/\/plazajuarez.mx\/historico\/wp-json\/wp\/v2\/categories?post=216987"},{"taxonomy":"post_tag","embeddable":true,"href":"https:\/\/plazajuarez.mx\/historico\/wp-json\/wp\/v2\/tags?post=216987"}],"curies":[{"name":"wp","href":"https:\/\/api.w.org\/{rel}","templated":true}]}}