{"id":216984,"date":"2022-05-31T14:02:42","date_gmt":"2022-05-31T19:02:42","guid":{"rendered":"https:\/\/plazajuarez.mx\/?p=216984"},"modified":"2022-05-31T14:24:13","modified_gmt":"2022-05-31T19:24:13","slug":"veronica_castro","status":"publish","type":"post","link":"https:\/\/plazajuarez.mx\/historico\/veronica_castro\/","title":{"rendered":"Critican a Ver\u00f3nica Castro, pero ella defiende su foto con filtros"},"content":{"rendered":"\n<p> Gran alboroto se arm\u00f3 en las redes luego de que Ver\u00f3nica Castro publicara una foto con filtros en la que aparece con su hermano Jos\u00e9 Alberto &#8220;El G\u00fcero&#8221; Castro.<\/p>\n\n\n\n<p>Cibernautas se lanzaron contra la actriz de 70 a\u00f1os por &#8220;borrarse las arrugas del rostro&#8221;, y &#8220;no aceptar el paso del tiempo&#8221;; en la instant\u00e1nea, que la tambi\u00e9n conductora poste\u00f3 para felicitar a su hermano en su cumplea\u00f1os, ambos aparecen sonriendo y luciendo una canosa cabellera.<\/p>\n\n\n\n<p>&#8220;Lo que me parece feo que se normalice retocar las fotos de esta manera&#8230; empecemos a normalizar que la piel tiene forma, poros y arrugas&#8230; no tanto filtro&#8221;, opin\u00f3 una usuaria.<\/p>\n\n\n\n<p>La &#8220;Vero&#8221; respondi\u00f3 a las cr\u00edticas y muy a su estilo defendi\u00f3 los filtros, pues asegur\u00f3 que le gustan y que adem\u00e1s ya pag\u00f3 por ellos, pero para que la gente no hiciera corajes, pod\u00eda ver la foto original en el perfil de Instagram de su hermano.<\/p>\n\n\n\n<p>&#8220;Pues es que yo ya hasta pagu\u00e9 mi filtro y a m\u00ed me gusta con filtro pero si les gusta sin filtro se pueden asomar al de mi hermano a \u00e9l le gusta sin filtro. Para que no hagan corajes porque hace da\u00f1o @elgueromex&#8221;.<\/p>\n\n\n\n<p>Tras la pol\u00e9mica, Ver\u00f3nica Castro subi\u00f3 otra foto a Instagram y brome\u00f3 que los filtros que hasta el color de cabello le hab\u00edan cambiado.<\/p>\n\n\n\n<p>&#8220;Me pidieron que me cambiara el color de pelo pero creo se me pas\u00f3 la mano ups SIN FILTRO Jajajaja&#8221;.<\/p>\n\n\n\n<p>&#8212;La &#8220;Vero&#8221; se luce con canas y tambi\u00e9n con filtros<\/p>\n\n\n\n<p>En su cuenta de Twitter, la protagonista de telenovelas como &#8220;Rosa salvaje&#8221; y &#8220;Los ricos tambi\u00e9n lloran&#8221; ha posteado tanto fotograf\u00edas en las que presume su cabellera con canas como im\u00e1genes de ella misma editadas con alg\u00fan filtro.<\/p>\n\n\n\n<p>Y aunque en ambos casos ha recibido buenos comentarios por parte de sus fans, nunca falta quien le sugiere que &#8220;no abuse&#8221; de los filtros; en esos casos suele aparecer un fan que la defiende: &#8220;por favor, todos usamos filtros en las fotos&#8221;.<\/p>\n","protected":false},"excerpt":{"rendered":"<p>Gran alboroto se arm\u00f3 en las redes luego de que Ver\u00f3nica Castro publicara una foto con filtros en la que aparece con su hermano Jos\u00e9 Alberto &#8220;El G\u00fcero&#8221; Castro. Cibernautas se lanzaron contra la actriz de 70 a\u00f1os por &#8220;borrarse las arrugas del rostro&#8221;, y &#8220;no aceptar el paso del tiempo&#8221;; en la instant\u00e1nea, que [&hellip;]<\/p>\n","protected":false},"author":81,"featured_media":216985,"comment_status":"closed","ping_status":"closed","sticky":false,"template":"","format":"standard","meta":{"footnotes":""},"categories":[38],"tags":[],"class_list":["post-216984","post","type-post","status-publish","format-standard","has-post-thumbnail","hentry","category-show"],"_links":{"self":[{"href":"https:\/\/plazajuarez.mx\/historico\/wp-json\/wp\/v2\/posts\/216984","targetHints":{"allow":["GET"]}}],"collection":[{"href":"https:\/\/plazajuarez.mx\/historico\/wp-json\/wp\/v2\/posts"}],"about":[{"href":"https:\/\/plazajuarez.mx\/historico\/wp-json\/wp\/v2\/types\/post"}],"author":[{"embeddable":true,"href":"https:\/\/plazajuarez.mx\/historico\/wp-json\/wp\/v2\/users\/81"}],"replies":[{"embeddable":true,"href":"https:\/\/plazajuarez.mx\/historico\/wp-json\/wp\/v2\/comments?post=216984"}],"version-history":[{"count":0,"href":"https:\/\/plazajuarez.mx\/historico\/wp-json\/wp\/v2\/posts\/216984\/revisions"}],"wp:featuredmedia":[{"embeddable":true,"href":"https:\/\/plazajuarez.mx\/historico\/wp-json\/wp\/v2\/media\/216985"}],"wp:attachment":[{"href":"https:\/\/plazajuarez.mx\/historico\/wp-json\/wp\/v2\/media?parent=216984"}],"wp:term":[{"taxonomy":"category","embeddable":true,"href":"https:\/\/plazajuarez.mx\/historico\/wp-json\/wp\/v2\/categories?post=216984"},{"taxonomy":"post_tag","embeddable":true,"href":"https:\/\/plazajuarez.mx\/historico\/wp-json\/wp\/v2\/tags?post=216984"}],"curies":[{"name":"wp","href":"https:\/\/api.w.org\/{rel}","templated":true}]}}