{"id":216733,"date":"2022-05-29T14:38:40","date_gmt":"2022-05-29T19:38:40","guid":{"rendered":"https:\/\/plazajuarez.mx\/?p=216733"},"modified":"2022-05-29T14:38:47","modified_gmt":"2022-05-29T19:38:47","slug":"checo_formula","status":"publish","type":"post","link":"https:\/\/plazajuarez.mx\/historico\/checo_formula\/","title":{"rendered":"&#8220;Checo&#8221; P\u00e9rez es nombrado el piloto del d\u00eda en la F\u00f3rmula 1"},"content":{"rendered":"\n<p> El piloto mexicano de Red Bull, Sergio &#8216;Checo&#8217; P\u00e9rez, quien este domingo se llev\u00f3 el GP de M\u00f3naco fue nombrado por los aficionados con el t\u00edtulo de &#8220;Piloto del D\u00eda&#8221;.<\/p>\n\n\n\n<p>Un reconocimiento que otorgan los fans del automovilismo al terminar cada Gran Premio y se realiza por votaci\u00f3n en el portal oficial de la F1.<\/p>\n\n\n\n<p>Los resultados fueron presentados por la cuenta oficial de la F\u00f3rmula 1, quienes minutos despu\u00e9s del triunfo del piloto tapat\u00edo abrieron las votaciones.<\/p>\n\n\n\n<p>Al momento Sergio &#8220;Checo&#8221; P\u00e9rez se encuentra ubicado en el tercer lugar en la clasificaci\u00f3n general, con un total de 110 puntos y su pr\u00f3xima competencia ser\u00e1 en el Gran Premio de Azerbaiy\u00e1n el domingo 12 de junio.<\/p>\n","protected":false},"excerpt":{"rendered":"<p>El piloto mexicano de Red Bull, Sergio &#8216;Checo&#8217; P\u00e9rez, quien este domingo se llev\u00f3 el GP de M\u00f3naco fue nombrado por los aficionados con el t\u00edtulo de &#8220;Piloto del D\u00eda&#8221;. Un reconocimiento que otorgan los fans del automovilismo al terminar cada Gran Premio y se realiza por votaci\u00f3n en el portal oficial de la F1. [&hellip;]<\/p>\n","protected":false},"author":81,"featured_media":216734,"comment_status":"closed","ping_status":"closed","sticky":false,"template":"","format":"standard","meta":{"footnotes":""},"categories":[39,15],"tags":[2503],"class_list":["post-216733","post","type-post","status-publish","format-standard","has-post-thumbnail","hentry","category-deportiva","category-destacadas","tag-monaco"],"_links":{"self":[{"href":"https:\/\/plazajuarez.mx\/historico\/wp-json\/wp\/v2\/posts\/216733","targetHints":{"allow":["GET"]}}],"collection":[{"href":"https:\/\/plazajuarez.mx\/historico\/wp-json\/wp\/v2\/posts"}],"about":[{"href":"https:\/\/plazajuarez.mx\/historico\/wp-json\/wp\/v2\/types\/post"}],"author":[{"embeddable":true,"href":"https:\/\/plazajuarez.mx\/historico\/wp-json\/wp\/v2\/users\/81"}],"replies":[{"embeddable":true,"href":"https:\/\/plazajuarez.mx\/historico\/wp-json\/wp\/v2\/comments?post=216733"}],"version-history":[{"count":0,"href":"https:\/\/plazajuarez.mx\/historico\/wp-json\/wp\/v2\/posts\/216733\/revisions"}],"wp:featuredmedia":[{"embeddable":true,"href":"https:\/\/plazajuarez.mx\/historico\/wp-json\/wp\/v2\/media\/216734"}],"wp:attachment":[{"href":"https:\/\/plazajuarez.mx\/historico\/wp-json\/wp\/v2\/media?parent=216733"}],"wp:term":[{"taxonomy":"category","embeddable":true,"href":"https:\/\/plazajuarez.mx\/historico\/wp-json\/wp\/v2\/categories?post=216733"},{"taxonomy":"post_tag","embeddable":true,"href":"https:\/\/plazajuarez.mx\/historico\/wp-json\/wp\/v2\/tags?post=216733"}],"curies":[{"name":"wp","href":"https:\/\/api.w.org\/{rel}","templated":true}]}}