{"id":216727,"date":"2022-05-29T14:05:24","date_gmt":"2022-05-29T19:05:24","guid":{"rendered":"https:\/\/plazajuarez.mx\/?p=216727"},"modified":"2022-05-29T14:05:31","modified_gmt":"2022-05-29T19:05:31","slug":"amlo_dedica","status":"publish","type":"post","link":"https:\/\/plazajuarez.mx\/historico\/amlo_dedica\/","title":{"rendered":"AMLO dedica domingo a caminata para ejercitar el coraz\u00f3n"},"content":{"rendered":"\n<p> El presidente Andr\u00e9s Manuel L\u00f3pez Obrador realiz\u00f3 una caminata para ejercitar su coraz\u00f3n en las instalaciones del Heroico Colegio Militar de San Pedro M\u00e1rtir, en la alcald\u00eda de Tlalpan de la Ciudad de M\u00e9xico.<\/p>\n\n\n\n<p>&#8220;Regresamos anoche de la gira por Chihuahua y Sinaloa, y hoy domingo lo dedicamos a caminar, al cardio&#8221;, explic\u00f3 el mandatario.<\/p>\n\n\n\n<p>En un video que difundi\u00f3 en sus redes sociales, el presidente L\u00f3pez Obrador se\u00f1ala que los m\u00e9dicos especialistas recomiendan caminar, pero haciendo esfuerzo.<\/p>\n\n\n\n<p>&#8220;Subir y bajar para que el coraz\u00f3n est\u00e9 al 100. La pol\u00edtica tiene que ver con eso: cabeza fr\u00eda, coraz\u00f3n caliente, es raz\u00f3n y pasi\u00f3n&#8221;.<\/p>\n\n\n\n<p>El mandatario concluy\u00f3 el s\u00e1bado una gira de trabajo por Sinaloa y Chihuahua y municipios del llamado Tri\u00e1ngulo Dorado.<\/p>\n","protected":false},"excerpt":{"rendered":"<p>El presidente Andr\u00e9s Manuel L\u00f3pez Obrador realiz\u00f3 una caminata para ejercitar su coraz\u00f3n en las instalaciones del Heroico Colegio Militar de San Pedro M\u00e1rtir, en la alcald\u00eda de Tlalpan de la Ciudad de M\u00e9xico. &#8220;Regresamos anoche de la gira por Chihuahua y Sinaloa, y hoy domingo lo dedicamos a caminar, al cardio&#8221;, explic\u00f3 el mandatario. [&hellip;]<\/p>\n","protected":false},"author":81,"featured_media":216728,"comment_status":"closed","ping_status":"closed","sticky":false,"template":"","format":"standard","meta":{"footnotes":""},"categories":[36],"tags":[144],"class_list":["post-216727","post","type-post","status-publish","format-standard","has-post-thumbnail","hentry","category-nacion","tag-amlo"],"_links":{"self":[{"href":"https:\/\/plazajuarez.mx\/historico\/wp-json\/wp\/v2\/posts\/216727","targetHints":{"allow":["GET"]}}],"collection":[{"href":"https:\/\/plazajuarez.mx\/historico\/wp-json\/wp\/v2\/posts"}],"about":[{"href":"https:\/\/plazajuarez.mx\/historico\/wp-json\/wp\/v2\/types\/post"}],"author":[{"embeddable":true,"href":"https:\/\/plazajuarez.mx\/historico\/wp-json\/wp\/v2\/users\/81"}],"replies":[{"embeddable":true,"href":"https:\/\/plazajuarez.mx\/historico\/wp-json\/wp\/v2\/comments?post=216727"}],"version-history":[{"count":0,"href":"https:\/\/plazajuarez.mx\/historico\/wp-json\/wp\/v2\/posts\/216727\/revisions"}],"wp:featuredmedia":[{"embeddable":true,"href":"https:\/\/plazajuarez.mx\/historico\/wp-json\/wp\/v2\/media\/216728"}],"wp:attachment":[{"href":"https:\/\/plazajuarez.mx\/historico\/wp-json\/wp\/v2\/media?parent=216727"}],"wp:term":[{"taxonomy":"category","embeddable":true,"href":"https:\/\/plazajuarez.mx\/historico\/wp-json\/wp\/v2\/categories?post=216727"},{"taxonomy":"post_tag","embeddable":true,"href":"https:\/\/plazajuarez.mx\/historico\/wp-json\/wp\/v2\/tags?post=216727"}],"curies":[{"name":"wp","href":"https:\/\/api.w.org\/{rel}","templated":true}]}}