{"id":2167,"date":"2015-03-13T06:00:00","date_gmt":"2015-03-13T06:00:00","guid":{"rendered":"http:\/\/plazajuarez.mx\/index\/index.php\/2015\/03\/13\/futbol-internacional-28\/"},"modified":"2015-03-13T06:00:00","modified_gmt":"2015-03-13T06:00:00","slug":"futbol-internacional-28","status":"publish","type":"post","link":"https:\/\/plazajuarez.mx\/historico\/futbol-internacional-28\/","title":{"rendered":"Futbol Internacional"},"content":{"rendered":"<h1>Pase lo que pase, Ancelotti seguir\u00e1: Florentino P\u00e9rez<\/h1>\n<p>  <!--more-->  <\/p>\n<h1>\u00a0<\/h1>\n<p>\u00a0<\/p>\n<p>El Presidente del Real Madrid, Florentino P\u00e9rez, asegur\u00f3 ayer jueves que, &#8220;pase lo que pase en las pr\u00f3ximas semanas&#8221;, el italiano Carlo Ancelotti &#8220;va a seguir siendo el entrenador&#8221; de la primera plantilla.<\/p>\n<p>&#8220;Pase lo que pase en las pr\u00f3ximas semanas Ancelotti va a seguir siendo entrenador del Real Madrid&#8221;, dijo P\u00e9rez en una rueda de prensa celebrada este mediod\u00eda en el palco de honor del estadio Santiago Bernab\u00e9u.<\/p>\n<p>&#8220;Es un entrenador que en su primera temporada nos\u00a0dio\u00a0cuatro t\u00edtulos&#8221;, agreg\u00f3 en alusi\u00f3n a la Champions League, la Copa del Rey, la Supercopa de Europa y el Mundial de Clubes conquistados en los \u00faltimos meses por el Real Madrid bajo la tutela del italiano.<\/p>\n<p>&#8220;Con este entrenador se han ganado los t\u00edtulos que el madridismo estaba esperando desde muchos a\u00f1os&#8221;, record\u00f3 P\u00e9rez, &#8220;haciendo un f\u00fatbol maravilloso hasta hace escasamente dos meses. Tiene la confianza y el cari\u00f1o del presidente y de la Junta Directiva&#8221;.<\/p>\n<p>Pese al err\u00e1tico rumbo del equipo, que en las \u00faltimas semanas acumula un empate y una derrota en Liga ante el Villarreal y el Athletic Club de Bilbao que le relegaron a la segunda posici\u00f3n de la Primera Divisi\u00f3n espa\u00f1ola y el 3-4 sufrido ante el Schalke 04 en la vuelta de los octavos de final de la Liga de Campeones, Florentino P\u00e9rez invit\u00f3 a la plantilla a luchar por esos dos campeonatos.<\/p>\n<p>&#8220;Tengo m\u00e1xima confianza ante los retos que tenemos por delante. Seguiremos peleando para ganar la und\u00e9cima Copa de Europa y la Liga&#8221;, apunt\u00f3 el presidente del Real Madrid. &#8220;Vamos a volver a lo que es normal en nosotros: ganar y jugar bien&#8221;, advirti\u00f3.<\/p>\n<p>Seg\u00fan el presidente del Real Madrid, las graves lesiones de los centrocampistas Luka Modric y James Rodr\u00edguez han hecho un &#8220;da\u00f1o terrible&#8221; al equipo, sobre todo en su &#8220;columna vertebral&#8221;.<\/p>\n<p>Tras reconocer que el equipo &#8220;no se encuentra en su mejor momento&#8221;, Florentino P\u00e9rez recalc\u00f3 la dificultad de clasificarse para los cuartos de final de la Liga de Campeones, ronda que no disputar\u00e1n &#8220;algunos grandes equipos&#8221;, y subray\u00f3 que la desventaja con respecto al l\u00edder de la Liga espa\u00f1ola, el Barcelona, es de un solo punto.<\/p>\n<p>&#8220;Tenemos la ilusi\u00f3n de ganarles el pr\u00f3ximo domingo y de ganar la Liga&#8221;, indic\u00f3.<\/p>\n<p>Preguntado sobre la continuidad de Ancelotti la pr\u00f3xima temporada, el presidente del Real Madrid sentenci\u00f3: &#8220;En este club no se renueva m\u00e1s que al principio o al final de una temporada. Creemos que puede ser un motivo de desestabilizaci\u00f3n. Ahora toca entrenar y centrarse en la Liga de Campeones y en la Liga. Despu\u00e9s de que acabe la temporada ya habr\u00e1 tiempo para todo&#8221;<\/p>\n<h1>James Rodr\u00edguez, cada vez m\u00e1s recuperado<\/h1>\n<p>James Rodr\u00edguez, mediocampista colombiano del Real Madrid, sigue recuper\u00e1ndose de una fractura del quinto metatarsiano del pie derecho y ayer, aunque complet\u00f3 una ma\u00f1ana de trabajo espec\u00edfico, toc\u00f3 bal\u00f3n mientras sus compa\u00f1eros Dani Carvajal y Karim Benzema se ejercitaron en el interior de las instalaciones madridistas.<\/p>\n<p>El internacional sudamericano va acortando plazos en su recuperaci\u00f3n. Ancelotti, que ya ha recuperado al croata Luka Modric y contar\u00e1 con Sergio Ramos para el partido contra el Levante, espera a James Rodr\u00edguez para desalojar la enfermer\u00eda de jugadores.<\/p>\n<p>Precisamente las lesiones son uno de los males que preocupa al Presidente del Real Madrid, Florentino P\u00e9rez, que justo despu\u00e9s del entrenamiento madridista esgrimi\u00f3 en una rueda de prensa las bajas de algunos futbolistas como una de las causas de la crisis del Real Madrid.<\/p>\n<p>\u00a0<\/p>\n<h1>El &#8216;Loco&#8217; Abreu vestir\u00e1 su vig\u00e9sima playera<\/h1>\n<p>\u00a0<\/p>\n<p>Washington Sebasti\u00e1n Abreu Gallo firm\u00f3 con el Aucas de Ecuador, con lo que suma ya 20 equipos en los que ha jugado a lo largo de su carrera.<\/p>\n<p>\u00a0<\/p>\n<p>El delantero charr\u00faa de 38 a\u00f1os lleg\u00f3 a un acuerdo con el equipo ecuatoriano para jugar solo por espacio de tres meses ya que se rumora que despu\u00e9s de que cumpla con el contrato su destino estar\u00eda en la MLS de los Estados Unidos.<\/p>\n<p>\u00a0<\/p>\n<p>La Liga ecuatoriana ser\u00e1 la s\u00e9ptima Liga en la que el ex mundialista con la Selecci\u00f3n celeste juegue ya que ha pasado por Argentina, Uruguay, Brasil, M\u00e9xico, Espa\u00f1a y hasta Israel.<\/p>\n<p>\u00a0<\/p>\n<p>Defensor Sporting de Uruguay fue el primer equipo del \u201cLoco\u201d para luego pasar a San Lorenzo donde tuvo dos etapas, el Deportivo La Coru\u00f1a, Gremio de Porto Alegre, Tecos, Nacional de Uruguay con quien jug\u00f3 en cuatro etapas distintas, Cruz Azul, Am\u00e9rica, Dorados, Monterrey, San Luis, Tigres, River Plate, Beitar Jerusal\u00e9n, Real Sociedad, Aris Sal\u00f3nica, Botafogo, Figueirense y Rosario Central.<\/p>\n","protected":false},"excerpt":{"rendered":"<p>Pase lo que pase, Ancelotti seguir\u00e1: Florentino P\u00e9rez<\/p>\n","protected":false},"author":93,"featured_media":0,"comment_status":"open","ping_status":"open","sticky":false,"template":"","format":"standard","meta":{"footnotes":""},"categories":[39],"tags":[],"class_list":["post-2167","post","type-post","status-publish","format-standard","hentry","category-deportiva"],"_links":{"self":[{"href":"https:\/\/plazajuarez.mx\/historico\/wp-json\/wp\/v2\/posts\/2167","targetHints":{"allow":["GET"]}}],"collection":[{"href":"https:\/\/plazajuarez.mx\/historico\/wp-json\/wp\/v2\/posts"}],"about":[{"href":"https:\/\/plazajuarez.mx\/historico\/wp-json\/wp\/v2\/types\/post"}],"author":[{"embeddable":true,"href":"https:\/\/plazajuarez.mx\/historico\/wp-json\/wp\/v2\/users\/93"}],"replies":[{"embeddable":true,"href":"https:\/\/plazajuarez.mx\/historico\/wp-json\/wp\/v2\/comments?post=2167"}],"version-history":[{"count":0,"href":"https:\/\/plazajuarez.mx\/historico\/wp-json\/wp\/v2\/posts\/2167\/revisions"}],"wp:attachment":[{"href":"https:\/\/plazajuarez.mx\/historico\/wp-json\/wp\/v2\/media?parent=2167"}],"wp:term":[{"taxonomy":"category","embeddable":true,"href":"https:\/\/plazajuarez.mx\/historico\/wp-json\/wp\/v2\/categories?post=2167"},{"taxonomy":"post_tag","embeddable":true,"href":"https:\/\/plazajuarez.mx\/historico\/wp-json\/wp\/v2\/tags?post=2167"}],"curies":[{"name":"wp","href":"https:\/\/api.w.org\/{rel}","templated":true}]}}