{"id":216630,"date":"2022-05-28T11:10:24","date_gmt":"2022-05-28T16:10:24","guid":{"rendered":"https:\/\/plazajuarez.mx\/?p=216630"},"modified":"2022-05-28T11:10:31","modified_gmt":"2022-05-28T16:10:31","slug":"confirman-primer-caso-de-viruela-del-mono-en-mexico","status":"publish","type":"post","link":"https:\/\/plazajuarez.mx\/historico\/confirman-primer-caso-de-viruela-del-mono-en-mexico\/","title":{"rendered":"Confirman primer caso de viruela del Mono en M\u00e9xico"},"content":{"rendered":"\n<p>El subsecretario de Salud, Hugo L\u00f3pez Gatell, confirm\u00f3 el primer caso importado de viruela del mono en M\u00e9xico.<\/p>\n\n\n\n<p>&#8220;Es un hombre de 50 a\u00f1os, residente permanente de la ciudad de Nueva York, quien probablemente se contagi\u00f3 en Holanda&#8221;, se\u00f1al\u00f3 L\u00f3pez-Gatell en redes sociales.<\/p>\n\n\n\n<p>La persona infectada es atendida en la CDMX y &#8220;afortunadamente, se encuentra estable y en aislamiento preventivo. Esperamos que se recupere sin complicaciones&#8221;.<\/p>\n\n\n\n<p>\u00bfQu\u00e9 es y c\u00f3mo se transmite la viruela s\u00edmica?La viruela s\u00edmica se transmite de persona a persona por contacto directo. No se propaga por aire, agua o alimentos.<\/p>\n\n\n\n<p>La eficiencia del contagio es baja, por lo que generalmente se presentan casos aislados o peque\u00f1os brotes, no epidemias generalizadas.<\/p>\n","protected":false},"excerpt":{"rendered":"<p>El subsecretario de Salud, Hugo L\u00f3pez Gatell, confirm\u00f3 el primer caso importado de viruela del mono en M\u00e9xico. &#8220;Es un hombre de 50 a\u00f1os, residente permanente de la ciudad de Nueva York, quien probablemente se contagi\u00f3 en Holanda&#8221;, se\u00f1al\u00f3 L\u00f3pez-Gatell en redes sociales. La persona infectada es atendida en la CDMX y &#8220;afortunadamente, se encuentra [&hellip;]<\/p>\n","protected":false},"author":81,"featured_media":216631,"comment_status":"closed","ping_status":"closed","sticky":false,"template":"","format":"standard","meta":{"footnotes":""},"categories":[15,36,2160],"tags":[],"class_list":["post-216630","post","type-post","status-publish","format-standard","has-post-thumbnail","hentry","category-destacadas","category-nacion","category-noticias-de-la-ciudad-de-mexico"],"_links":{"self":[{"href":"https:\/\/plazajuarez.mx\/historico\/wp-json\/wp\/v2\/posts\/216630","targetHints":{"allow":["GET"]}}],"collection":[{"href":"https:\/\/plazajuarez.mx\/historico\/wp-json\/wp\/v2\/posts"}],"about":[{"href":"https:\/\/plazajuarez.mx\/historico\/wp-json\/wp\/v2\/types\/post"}],"author":[{"embeddable":true,"href":"https:\/\/plazajuarez.mx\/historico\/wp-json\/wp\/v2\/users\/81"}],"replies":[{"embeddable":true,"href":"https:\/\/plazajuarez.mx\/historico\/wp-json\/wp\/v2\/comments?post=216630"}],"version-history":[{"count":0,"href":"https:\/\/plazajuarez.mx\/historico\/wp-json\/wp\/v2\/posts\/216630\/revisions"}],"wp:featuredmedia":[{"embeddable":true,"href":"https:\/\/plazajuarez.mx\/historico\/wp-json\/wp\/v2\/media\/216631"}],"wp:attachment":[{"href":"https:\/\/plazajuarez.mx\/historico\/wp-json\/wp\/v2\/media?parent=216630"}],"wp:term":[{"taxonomy":"category","embeddable":true,"href":"https:\/\/plazajuarez.mx\/historico\/wp-json\/wp\/v2\/categories?post=216630"},{"taxonomy":"post_tag","embeddable":true,"href":"https:\/\/plazajuarez.mx\/historico\/wp-json\/wp\/v2\/tags?post=216630"}],"curies":[{"name":"wp","href":"https:\/\/api.w.org\/{rel}","templated":true}]}}