{"id":216622,"date":"2022-05-28T08:47:37","date_gmt":"2022-05-28T13:47:37","guid":{"rendered":"https:\/\/plazajuarez.mx\/?p=216622"},"modified":"2022-05-28T08:47:43","modified_gmt":"2022-05-28T13:47:43","slug":"terrible-vuelco-cobra-la-vida-de-sus-dos-tripulantes","status":"publish","type":"post","link":"https:\/\/plazajuarez.mx\/historico\/terrible-vuelco-cobra-la-vida-de-sus-dos-tripulantes\/","title":{"rendered":"Terrible vuelco cobra la vida de sus dos tripulantes"},"content":{"rendered":"\n<p>De funestas consecuencias result\u00f3 la madrugada de s\u00e1bado, para dos hombres que viajaban a bordo de un veh\u00edculo compacto por la carretera M\u00e9xico-Pachuca, d\u00f3nde la unidad volc\u00f3 de manera aparatosa y ah\u00ed perdieron la vida.<\/p>\n\n\n\n<p>El siniestro que se registr\u00f3 a la altura de la comunidad de Los \u00c1ngeles, del municipio de San Javier Tolcayuca fue reportado al 911 de Emergencias y provoc\u00f3 la inmediata movilizaci\u00f3n de elementos de los cuerpos polic\u00edacos, de socorristas y param\u00e9dicos de la regi\u00f3n, que acudieron a tomar conocimiento y a brindar auxilio respectivamente.<\/p>\n\n\n\n<p>Fue tan brutal el accidente que el veh\u00edculo qued\u00f3 pr\u00e1cticamente destrozado y varias partes de la unidad quedaron esparcidas sobre la cinta asf\u00e1ltica.<\/p>\n\n\n\n<p>De acuerdo a las versiones de efectivos policiales, se presume que el siniestro tuvo lugar a consecuencia del exceso de velocidad con el que circulaban en el automotor los tripulantes que desafortunadamente perdieron la vida.<\/p>\n\n\n\n<p>Las personas que viajaban en el veh\u00edculo compacto de color rojo con matr\u00edcula de circulaci\u00f3n NJL &#8211; 61-41 y que fallecieron, hasta el momento permanecen en calidad de desconocidos.<\/p>\n\n\n\n<p>Personal de la Procuradur\u00eda General de Justicia del estado de Hidalgo, acudi\u00f3 al lugar del percance para dar fe de lo acontecido y dio inicio a la carpeta de investigaci\u00f3n correspondiente.<\/p>\n","protected":false},"excerpt":{"rendered":"<p>De funestas consecuencias result\u00f3 la madrugada de s\u00e1bado, para dos hombres que viajaban a bordo de un veh\u00edculo compacto por la carretera M\u00e9xico-Pachuca, d\u00f3nde la unidad volc\u00f3 de manera aparatosa y ah\u00ed perdieron la vida. El siniestro que se registr\u00f3 a la altura de la comunidad de Los \u00c1ngeles, del municipio de San Javier Tolcayuca [&hellip;]<\/p>\n","protected":false},"author":93,"featured_media":216623,"comment_status":"closed","ping_status":"closed","sticky":false,"template":"","format":"standard","meta":{"footnotes":""},"categories":[37,15],"tags":[],"class_list":["post-216622","post","type-post","status-publish","format-standard","has-post-thumbnail","hentry","category-barandilla","category-destacadas"],"_links":{"self":[{"href":"https:\/\/plazajuarez.mx\/historico\/wp-json\/wp\/v2\/posts\/216622","targetHints":{"allow":["GET"]}}],"collection":[{"href":"https:\/\/plazajuarez.mx\/historico\/wp-json\/wp\/v2\/posts"}],"about":[{"href":"https:\/\/plazajuarez.mx\/historico\/wp-json\/wp\/v2\/types\/post"}],"author":[{"embeddable":true,"href":"https:\/\/plazajuarez.mx\/historico\/wp-json\/wp\/v2\/users\/93"}],"replies":[{"embeddable":true,"href":"https:\/\/plazajuarez.mx\/historico\/wp-json\/wp\/v2\/comments?post=216622"}],"version-history":[{"count":0,"href":"https:\/\/plazajuarez.mx\/historico\/wp-json\/wp\/v2\/posts\/216622\/revisions"}],"wp:featuredmedia":[{"embeddable":true,"href":"https:\/\/plazajuarez.mx\/historico\/wp-json\/wp\/v2\/media\/216623"}],"wp:attachment":[{"href":"https:\/\/plazajuarez.mx\/historico\/wp-json\/wp\/v2\/media?parent=216622"}],"wp:term":[{"taxonomy":"category","embeddable":true,"href":"https:\/\/plazajuarez.mx\/historico\/wp-json\/wp\/v2\/categories?post=216622"},{"taxonomy":"post_tag","embeddable":true,"href":"https:\/\/plazajuarez.mx\/historico\/wp-json\/wp\/v2\/tags?post=216622"}],"curies":[{"name":"wp","href":"https:\/\/api.w.org\/{rel}","templated":true}]}}