{"id":216619,"date":"2022-05-28T08:44:02","date_gmt":"2022-05-28T13:44:02","guid":{"rendered":"https:\/\/plazajuarez.mx\/?p=216619"},"modified":"2022-05-28T08:44:27","modified_gmt":"2022-05-28T13:44:27","slug":"roban-imagen-de-bronce-de-la-inmaculada-concepcion-en-huejutla","status":"publish","type":"post","link":"https:\/\/plazajuarez.mx\/historico\/roban-imagen-de-bronce-de-la-inmaculada-concepcion-en-huejutla\/","title":{"rendered":"Roban imagen de bronce de la Inmaculada Concepci\u00f3n en Huejutla"},"content":{"rendered":"\n<p><strong>Huejutla Hgo.-<\/strong> La Di\u00f3cesis de Huejutla dio a conocer que fue robada la imagen de bronce de la Inmaculada Concepci\u00f3n que se encontraba en el patio de la Capilla del Seminario Menor &#8220;San Jos\u00e9&#8221; ubicada en la zona Centro del municipio de Huejutla, Hidalgo, (en los anexos a la Catedral).<\/p>\n\n\n\n<p>Agregaron que esta efigie tiene un valor hist\u00f3rico y religioso incalculable para la Di\u00f3cesis, por lo que es muy importante para ellos recuperarla.<\/p>\n\n\n\n<p>Por lo anterior, solicitan el apoyo de la ciudadan\u00eda para localizarla y cualquier informaci\u00f3n relacionada con la imagen de bronce de la Inmaculada Concepci\u00f3n de la capilla del seminario menor llamar al n\u00famero telef\u00f3nico 789 89 6 0061.<\/p>\n","protected":false},"excerpt":{"rendered":"<p>Huejutla Hgo.- La Di\u00f3cesis de Huejutla dio a conocer que fue robada la imagen de bronce de la Inmaculada Concepci\u00f3n que se encontraba en el patio de la Capilla del Seminario Menor &#8220;San Jos\u00e9&#8221; ubicada en la zona Centro del municipio de Huejutla, Hidalgo, (en los anexos a la Catedral). Agregaron que esta efigie tiene [&hellip;]<\/p>\n","protected":false},"author":93,"featured_media":216620,"comment_status":"closed","ping_status":"closed","sticky":false,"template":"","format":"standard","meta":{"footnotes":""},"categories":[15,2159,40],"tags":[],"class_list":["post-216619","post","type-post","status-publish","format-standard","has-post-thumbnail","hentry","category-destacadas","category-noticias-de-hidalgo","category-region"],"_links":{"self":[{"href":"https:\/\/plazajuarez.mx\/historico\/wp-json\/wp\/v2\/posts\/216619","targetHints":{"allow":["GET"]}}],"collection":[{"href":"https:\/\/plazajuarez.mx\/historico\/wp-json\/wp\/v2\/posts"}],"about":[{"href":"https:\/\/plazajuarez.mx\/historico\/wp-json\/wp\/v2\/types\/post"}],"author":[{"embeddable":true,"href":"https:\/\/plazajuarez.mx\/historico\/wp-json\/wp\/v2\/users\/93"}],"replies":[{"embeddable":true,"href":"https:\/\/plazajuarez.mx\/historico\/wp-json\/wp\/v2\/comments?post=216619"}],"version-history":[{"count":0,"href":"https:\/\/plazajuarez.mx\/historico\/wp-json\/wp\/v2\/posts\/216619\/revisions"}],"wp:featuredmedia":[{"embeddable":true,"href":"https:\/\/plazajuarez.mx\/historico\/wp-json\/wp\/v2\/media\/216620"}],"wp:attachment":[{"href":"https:\/\/plazajuarez.mx\/historico\/wp-json\/wp\/v2\/media?parent=216619"}],"wp:term":[{"taxonomy":"category","embeddable":true,"href":"https:\/\/plazajuarez.mx\/historico\/wp-json\/wp\/v2\/categories?post=216619"},{"taxonomy":"post_tag","embeddable":true,"href":"https:\/\/plazajuarez.mx\/historico\/wp-json\/wp\/v2\/tags?post=216619"}],"curies":[{"name":"wp","href":"https:\/\/api.w.org\/{rel}","templated":true}]}}