{"id":216484,"date":"2022-05-27T07:21:22","date_gmt":"2022-05-27T12:21:22","guid":{"rendered":"https:\/\/plazajuarez.mx\/?p=216484"},"modified":"2022-05-27T07:21:37","modified_gmt":"2022-05-27T12:21:37","slug":"sobre-audio-de-alito-que-se-llegue-a-la-verdad-absoluta","status":"publish","type":"post","link":"https:\/\/plazajuarez.mx\/historico\/sobre-audio-de-alito-que-se-llegue-a-la-verdad-absoluta\/","title":{"rendered":"Sobre audio de \u201cAlito\u201d, \u201cque\u00a0se llegue a la verdad absoluta\u201d"},"content":{"rendered":"\n<p>El diputado local por el Partido Revolucionario Institucional (PRI), Roberto Rico Ru\u00edz, reserv\u00f3 su opini\u00f3n respecto a la circulaci\u00f3n de un audio en donde el presidente nacional del tricolor Alejandro Moreno C\u00e1rdenas, hace referencia al ejercicio period\u00edstico.<\/p>\n\n\n\n<p>En entrevista para \u201cAl Aire\u201d, noticiario producido por Diario Plaza Ju\u00e1rez, dijo \u201ces mejor ser rey de tu silencio que esclavo de tus palabras, cuando no hay nada bueno que decir, es mejor callar, ante esta situaci\u00f3n simplemente deseo que se dilucide en las instancias de procuraci\u00f3n de justicia que se llegue a analizar la verdad absoluta de esta situaci\u00f3n y que se tomen cartas en el asunto\u201d.<\/p>\n\n\n\n<p>Precis\u00f3 que en Hidalgo, los diputados locales est\u00e1n trabajando en la tarea de que se implemente el mecanismo de protecci\u00f3n para defensores de derechos humanos y periodistas, normativa que enfatiz\u00f3 \u201cse qued\u00f3 en el limbo durante 10 a\u00f1os\u201d.<\/p>\n\n\n\n<p>Luego de presentar, el pasado lunes 24 de mayo, una iniciativa de reforma a la Ley de Protecci\u00f3n a Personas Defensoras de Derechos Humanos y de Salvaguarda de los Derechos para el Ejercicio del Periodismo.<\/p>\n\n\n\n<p>Refiri\u00f3 que tan solo en los tres a\u00f1os de administraci\u00f3n de Andr\u00e9s Manuel L\u00f3pez Obrador (AMLO), se han registrado mil 945 ataques contra periodistas, 30 asesinatos y dos desapariciones, es decir, que cada 14 horas es agredido un periodista.<\/p>\n\n\n\n<p>Mientras que la Comisi\u00f3n de Derechos Humanos del Estado de Hidalgo (CDHEH), report\u00f3 17 quejas de ataques a periodistas y 4 de defensoras de derechos humanos.<\/p>\n","protected":false},"excerpt":{"rendered":"<p>El diputado local por el Partido Revolucionario Institucional (PRI), Roberto Rico Ru\u00edz, reserv\u00f3 su opini\u00f3n respecto a la circulaci\u00f3n de un audio en donde el presidente nacional del tricolor Alejandro Moreno C\u00e1rdenas, hace referencia al ejercicio period\u00edstico. En entrevista para \u201cAl Aire\u201d, noticiario producido por Diario Plaza Ju\u00e1rez, dijo \u201ces mejor ser rey de tu [&hellip;]<\/p>\n","protected":false},"author":73,"featured_media":216485,"comment_status":"closed","ping_status":"closed","sticky":false,"template":"","format":"standard","meta":{"footnotes":""},"categories":[59,2159],"tags":[],"class_list":["post-216484","post","type-post","status-publish","format-standard","has-post-thumbnail","hentry","category-general","category-noticias-de-hidalgo"],"_links":{"self":[{"href":"https:\/\/plazajuarez.mx\/historico\/wp-json\/wp\/v2\/posts\/216484","targetHints":{"allow":["GET"]}}],"collection":[{"href":"https:\/\/plazajuarez.mx\/historico\/wp-json\/wp\/v2\/posts"}],"about":[{"href":"https:\/\/plazajuarez.mx\/historico\/wp-json\/wp\/v2\/types\/post"}],"author":[{"embeddable":true,"href":"https:\/\/plazajuarez.mx\/historico\/wp-json\/wp\/v2\/users\/73"}],"replies":[{"embeddable":true,"href":"https:\/\/plazajuarez.mx\/historico\/wp-json\/wp\/v2\/comments?post=216484"}],"version-history":[{"count":0,"href":"https:\/\/plazajuarez.mx\/historico\/wp-json\/wp\/v2\/posts\/216484\/revisions"}],"wp:featuredmedia":[{"embeddable":true,"href":"https:\/\/plazajuarez.mx\/historico\/wp-json\/wp\/v2\/media\/216485"}],"wp:attachment":[{"href":"https:\/\/plazajuarez.mx\/historico\/wp-json\/wp\/v2\/media?parent=216484"}],"wp:term":[{"taxonomy":"category","embeddable":true,"href":"https:\/\/plazajuarez.mx\/historico\/wp-json\/wp\/v2\/categories?post=216484"},{"taxonomy":"post_tag","embeddable":true,"href":"https:\/\/plazajuarez.mx\/historico\/wp-json\/wp\/v2\/tags?post=216484"}],"curies":[{"name":"wp","href":"https:\/\/api.w.org\/{rel}","templated":true}]}}