{"id":2164,"date":"2015-03-13T06:00:00","date_gmt":"2015-03-13T06:00:00","guid":{"rendered":"http:\/\/plazajuarez.mx\/index\/index.php\/2015\/03\/13\/cipriano-charrez-sitia-congreso-del-estado-para-exigir-desafuero-de-regidores-en-ixmiquilpan\/"},"modified":"2015-03-13T06:00:00","modified_gmt":"2015-03-13T06:00:00","slug":"cipriano-charrez-sitia-congreso-del-estado-para-exigir-desafuero-de-regidores-en-ixmiquilpan","status":"publish","type":"post","link":"https:\/\/plazajuarez.mx\/historico\/cipriano-charrez-sitia-congreso-del-estado-para-exigir-desafuero-de-regidores-en-ixmiquilpan\/","title":{"rendered":"Cipriano Charrez sitia Congreso del Estado,  para exigir desafuero de regidores en Ixmiquilpan"},"content":{"rendered":"<p>\u201cNO ME DEJAN TRABAJAR\u201d, SE LAMENT\u00d3<\/p>\n<ul>\n<li>En compa\u00f1\u00eda de sus huestes, el edil dijo que Juliana S\u00e1nchez Ortiz y Mateo Mithe, deben ser destituidos a la brevedad porque frenan el desarrollo de su municipio <!--more--> \u00a0<\/li>\n<\/ul>\n<p>Luego de casi dos horas de mantener sitiadas las instalaciones del Congreso local, incluso bajo la consigna de que la sesi\u00f3n ordinaria fuera pospuesta, cientos de manifestantes encabezados por el presidente municipal de Ixmiquilpan, Cipriano Charrez Pedraza, decidieron regresar al Valle del Mezquital, tras haber sido recibidos por los legisladores.<\/p>\n<p>\u00a0<\/p>\n<p>El acto de presi\u00f3n hacia la 62 Legislatura hizo que el presidente de la Junta de Gobierno del Congreso local, Ernesto Gil Elorduy, en compa\u00f1\u00eda de otros diputados recibieran al edil inconforme y acordaran hacer una visita a las sesiones de asamblea municipal para percibir el panorama y ambiente que ah\u00ed se vive, ya que se\u00f1alaron que en tanto no concluyan los procesos iniciados en el Poder Judicial y el Tribunal Estatal Electoral de Hidalgo (TEEH), no podr\u00e1n intervenir de la forma en que el edil solicita.<\/p>\n<p>\u00a0<\/p>\n<p>Cabe destacar que el alcalde panista demanda la destituci\u00f3n inmediata de Juliana S\u00e1nchez Ortiz y Mateo Mithe, de los cargos de regidores de Ixmiquilpan, lo anterior\u00a0 \u201cpor estar en desacuerdo con la asamblea\u201d, por lo que asever\u00f3 que dicha situaci\u00f3n frena el desarrollo del municipio y que los recursos aprobados para este 2015 no han podido ejecutarse ante la falta de acuerdo del cabildo.<\/p>\n<p>\u00a0<\/p>\n<p>De la misma forma, el edil logr\u00f3 reunirse con el secretario de gobierno de la entidad,\u00a0 Salvador Elguero, ante quien sostuvo que de no llegar a los acuerdos pertinentes, reactivar\u00e1n las movilizaciones en todo el municipio.<\/p>\n<p>\u00a0<\/p>\n<p><strong>En el PAN &#8220;no a las manifestaciones violentas&#8221;<\/strong><\/p>\n<p>\u00a0<\/p>\n<p>Por su parte, el secretario general del Comit\u00e9 Directivo Estatal del Partido Acci\u00f3n Nacional (PAN) Prisco Manuel Guti\u00e9rrez, declar\u00f3 que no existe el respaldo para ninguna corriente del ayuntamiento, &#8220;el PAN no respalda las protestas violentas; hacemos una invitaci\u00f3n para que respeten las investiduras y si es posible, el Comit\u00e9 sea una v\u00eda de di\u00e1logo en beneficio de ciudadanos de Ixmiquilpan&#8221;.<\/p>\n<p>\u00a0<\/p>\n<p>Y a\u00f1adi\u00f3 que el presidente municipal, le env\u00edo una tarjeta informativa en donde detall\u00f3 c\u00f3mo se han suscitado los hechos, de ah\u00ed que buscar\u00e1n un di\u00e1logo que se traduzca en reconciliaci\u00f3n.<\/p>\n<p>\u00a0<\/p>\n<p>El secretario general coment\u00f3, que si bien apoyan a las alcald\u00edas, al ser un tema de gobernabilidad interna y rebasar la misma, adem\u00e1s de acudir a escenarios como La Casa del Pueblo optan por no apoyar a las partes involucradas y s\u00ed instalar una mesa de di\u00e1logo permanente.<\/p>\n<p>\u00a0<\/p>\n<p>Se\u00f1al\u00f3 que solicitar\u00e1n a los diputados panistas: Guillermo Galland Guerrero y Juan Carlos Robles Acosta, un informe sobre el actuar de la 62 Legislatura Local y tener informaci\u00f3n sobre los avances del caso y \u00e9ste sea resuelto a la mayor brevedad.<\/p>\n","protected":false},"excerpt":{"rendered":"<p>\u201cNO ME DEJAN TRABAJAR\u201d, SE LAMENT\u00d3 En compa\u00f1\u00eda de sus huestes, el edil dijo que Juliana S\u00e1nchez Ortiz y Mateo Mithe, deben ser destituidos a la brevedad porque frenan el desarrollo de su municipio<\/p>\n","protected":false},"author":93,"featured_media":0,"comment_status":"open","ping_status":"open","sticky":false,"template":"","format":"standard","meta":{"footnotes":""},"categories":[59],"tags":[],"class_list":["post-2164","post","type-post","status-publish","format-standard","hentry","category-general"],"_links":{"self":[{"href":"https:\/\/plazajuarez.mx\/historico\/wp-json\/wp\/v2\/posts\/2164","targetHints":{"allow":["GET"]}}],"collection":[{"href":"https:\/\/plazajuarez.mx\/historico\/wp-json\/wp\/v2\/posts"}],"about":[{"href":"https:\/\/plazajuarez.mx\/historico\/wp-json\/wp\/v2\/types\/post"}],"author":[{"embeddable":true,"href":"https:\/\/plazajuarez.mx\/historico\/wp-json\/wp\/v2\/users\/93"}],"replies":[{"embeddable":true,"href":"https:\/\/plazajuarez.mx\/historico\/wp-json\/wp\/v2\/comments?post=2164"}],"version-history":[{"count":0,"href":"https:\/\/plazajuarez.mx\/historico\/wp-json\/wp\/v2\/posts\/2164\/revisions"}],"wp:attachment":[{"href":"https:\/\/plazajuarez.mx\/historico\/wp-json\/wp\/v2\/media?parent=2164"}],"wp:term":[{"taxonomy":"category","embeddable":true,"href":"https:\/\/plazajuarez.mx\/historico\/wp-json\/wp\/v2\/categories?post=2164"},{"taxonomy":"post_tag","embeddable":true,"href":"https:\/\/plazajuarez.mx\/historico\/wp-json\/wp\/v2\/tags?post=2164"}],"curies":[{"name":"wp","href":"https:\/\/api.w.org\/{rel}","templated":true}]}}