{"id":216226,"date":"2022-05-25T07:49:14","date_gmt":"2022-05-25T12:49:14","guid":{"rendered":"https:\/\/plazajuarez.mx\/?p=216226"},"modified":"2022-05-25T07:49:23","modified_gmt":"2022-05-25T12:49:23","slug":"preven-temporada-de-ciclones-similar-a-la-de-2021","status":"publish","type":"post","link":"https:\/\/plazajuarez.mx\/historico\/preven-temporada-de-ciclones-similar-a-la-de-2021\/","title":{"rendered":"Prev\u00e9n temporada de ciclones similar a la de 2021"},"content":{"rendered":"\n<p>Tulancingo de Bravo.- El Servicio Meteorol\u00f3gico Nacional (SMN) dependiente de la Comisi\u00f3n Nacional del Agua (Conagua), emiti\u00f3 su pron\u00f3stico para la temporada de lluvias y ciclones tropicales 2022, el cual contempla un n\u00famero de eventos similar a los observados en el mismo periodo del a\u00f1o pasado y que fue la quinta m\u00e1s activa en los \u00faltimos 50 a\u00f1os.<\/p>\n\n\n\n<p>El pron\u00f3stico 2022 indica que para el Oc\u00e9ano Pac\u00edfico se pronostican un total de 19 sistemas tropicales, mientras que para la cuenca del Oc\u00e9ano Atl\u00e1ntico, que es la que tiene mayor influencia en el estado de Hidalgo, se prev\u00e9n 21 sistemas cicl\u00f3nicos, de los cuales, cinco podr\u00edan tocar territorio mexicano.<\/p>\n\n\n\n<p>Detallaron que para el Atl\u00e1ntico, se pronostica que 10 u 11 ciclones podr\u00edan llegar a tormentas, mientras que podr\u00edan formarse de 4 a 6 a huracanes, categor\u00edas 1 y 2; y de dos a cuatro huracanes de categor\u00edas mayores, que es categor\u00eda 3, categor\u00eda 4 o categor\u00eda 5, en la escala Saffir \u2013 Simpson.<\/p>\n\n\n\n<p>De ser certero el pron\u00f3stico para este a\u00f1o, se estar\u00eda igualando al n\u00famero de sistemas tropicales observados en 2021, a\u00f1o que fue catalogado por la misma Conagua, como la quinta temporada m\u00e1s activa de las \u00faltimas cinco d\u00e9cadas, el cual incluy\u00f3 24 tormentas tropicales, una tormenta subtropical, nueve huracanes categor\u00eda 1 y 2; y seis huracanes de categor\u00edas mayores.<\/p>\n\n\n\n<p>El a\u00f1o pasado, el hurac\u00e1n Grace de categor\u00eda menor, dej\u00f3 lluvias acumuladas de 398.5 mil\u00edmetros (mm) en Atlapexco y de 306.00 mm en San Felipe Orizatl\u00e1n, ambas localidades en el estado de Hidalgo.<\/p>\n","protected":false},"excerpt":{"rendered":"<p>Tulancingo de Bravo.- El Servicio Meteorol\u00f3gico Nacional (SMN) dependiente de la Comisi\u00f3n Nacional del Agua (Conagua), emiti\u00f3 su pron\u00f3stico para la temporada de lluvias y ciclones tropicales 2022, el cual contempla un n\u00famero de eventos similar a los observados en el mismo periodo del a\u00f1o pasado y que fue la quinta m\u00e1s activa en los [&hellip;]<\/p>\n","protected":false},"author":70,"featured_media":216227,"comment_status":"closed","ping_status":"closed","sticky":false,"template":"","format":"standard","meta":{"footnotes":""},"categories":[2159,40],"tags":[],"class_list":["post-216226","post","type-post","status-publish","format-standard","has-post-thumbnail","hentry","category-noticias-de-hidalgo","category-region"],"_links":{"self":[{"href":"https:\/\/plazajuarez.mx\/historico\/wp-json\/wp\/v2\/posts\/216226","targetHints":{"allow":["GET"]}}],"collection":[{"href":"https:\/\/plazajuarez.mx\/historico\/wp-json\/wp\/v2\/posts"}],"about":[{"href":"https:\/\/plazajuarez.mx\/historico\/wp-json\/wp\/v2\/types\/post"}],"author":[{"embeddable":true,"href":"https:\/\/plazajuarez.mx\/historico\/wp-json\/wp\/v2\/users\/70"}],"replies":[{"embeddable":true,"href":"https:\/\/plazajuarez.mx\/historico\/wp-json\/wp\/v2\/comments?post=216226"}],"version-history":[{"count":0,"href":"https:\/\/plazajuarez.mx\/historico\/wp-json\/wp\/v2\/posts\/216226\/revisions"}],"wp:featuredmedia":[{"embeddable":true,"href":"https:\/\/plazajuarez.mx\/historico\/wp-json\/wp\/v2\/media\/216227"}],"wp:attachment":[{"href":"https:\/\/plazajuarez.mx\/historico\/wp-json\/wp\/v2\/media?parent=216226"}],"wp:term":[{"taxonomy":"category","embeddable":true,"href":"https:\/\/plazajuarez.mx\/historico\/wp-json\/wp\/v2\/categories?post=216226"},{"taxonomy":"post_tag","embeddable":true,"href":"https:\/\/plazajuarez.mx\/historico\/wp-json\/wp\/v2\/tags?post=216226"}],"curies":[{"name":"wp","href":"https:\/\/api.w.org\/{rel}","templated":true}]}}