{"id":2161,"date":"2015-03-13T06:00:00","date_gmt":"2015-03-13T06:00:00","guid":{"rendered":"http:\/\/plazajuarez.mx\/index\/index.php\/2015\/03\/13\/indicadores-confirman-que-economia-mexicana-se-esta-acelerando-pena\/"},"modified":"2015-03-13T06:00:00","modified_gmt":"2015-03-13T06:00:00","slug":"indicadores-confirman-que-economia-mexicana-se-esta-acelerando-pena","status":"publish","type":"post","link":"https:\/\/plazajuarez.mx\/historico\/indicadores-confirman-que-economia-mexicana-se-esta-acelerando-pena\/","title":{"rendered":"Indicadores confirman que econom\u00eda  mexicana \u201cse est\u00e1 acelerando\u201d: Pe\u00f1a"},"content":{"rendered":"<p>M\u00e9xico, DF.- Frente a los industriales del pa\u00eds, el presidente Enrique Pe\u00f1a Nieto asegur\u00f3 que diversos indicadores confirman que la econom\u00eda mexicana \u201cse est\u00e1 acelerando\u201d. Entre los datos que ofreci\u00f3 para reforzar esa afirmaci\u00f3n dijo que en febrero se crearon 133 mil 691 puestos de trabajo.<\/p>\n<p>  <!--more-->  <\/p>\n<p>\u00a0<\/p>\n<p>\u201cM\u00e9xico avanza con decisi\u00f3n en la ruta correcta, es un pa\u00eds en ascenso con s\u00f3lidos fundamentos para alcanzar un mejor futuro\u201d, indic\u00f3 el mandatario.<\/p>\n<p>Entre las cifras que dio a conocer dijo que entre 2012 y 2014 el n\u00famero de usuarios de Internet en el pa\u00eds creci\u00f3 16 por ciento.<\/p>\n<p>Adem\u00e1s, desde la entrada en vigor de la reforma en telecomunicaciones el costo en la telefon\u00eda fija ha bajado cuatro por ciento y 16 por ciento en la relativa a la telefon\u00eda m\u00f3vil.<\/p>\n<p>Se refiri\u00f3 tambi\u00e9n al resultado de licitaci\u00f3n de las dos nuevas cadenas de televisi\u00f3n que representa \u201cun gran paso en favor de la pluralidad y de una mayor oferta de contenidos\u201d. (Agencias)<\/p>\n","protected":false},"excerpt":{"rendered":"<p>M\u00e9xico, DF.- Frente a los industriales del pa\u00eds, el presidente Enrique Pe\u00f1a Nieto asegur\u00f3 que diversos indicadores confirman que la econom\u00eda mexicana \u201cse est\u00e1 acelerando\u201d. Entre los datos que ofreci\u00f3 para reforzar esa afirmaci\u00f3n dijo que en febrero se crearon 133 mil 691 puestos de trabajo.<\/p>\n","protected":false},"author":93,"featured_media":0,"comment_status":"open","ping_status":"open","sticky":false,"template":"","format":"standard","meta":{"footnotes":""},"categories":[36],"tags":[],"class_list":["post-2161","post","type-post","status-publish","format-standard","hentry","category-nacion"],"_links":{"self":[{"href":"https:\/\/plazajuarez.mx\/historico\/wp-json\/wp\/v2\/posts\/2161","targetHints":{"allow":["GET"]}}],"collection":[{"href":"https:\/\/plazajuarez.mx\/historico\/wp-json\/wp\/v2\/posts"}],"about":[{"href":"https:\/\/plazajuarez.mx\/historico\/wp-json\/wp\/v2\/types\/post"}],"author":[{"embeddable":true,"href":"https:\/\/plazajuarez.mx\/historico\/wp-json\/wp\/v2\/users\/93"}],"replies":[{"embeddable":true,"href":"https:\/\/plazajuarez.mx\/historico\/wp-json\/wp\/v2\/comments?post=2161"}],"version-history":[{"count":0,"href":"https:\/\/plazajuarez.mx\/historico\/wp-json\/wp\/v2\/posts\/2161\/revisions"}],"wp:attachment":[{"href":"https:\/\/plazajuarez.mx\/historico\/wp-json\/wp\/v2\/media?parent=2161"}],"wp:term":[{"taxonomy":"category","embeddable":true,"href":"https:\/\/plazajuarez.mx\/historico\/wp-json\/wp\/v2\/categories?post=2161"},{"taxonomy":"post_tag","embeddable":true,"href":"https:\/\/plazajuarez.mx\/historico\/wp-json\/wp\/v2\/tags?post=2161"}],"curies":[{"name":"wp","href":"https:\/\/api.w.org\/{rel}","templated":true}]}}