{"id":2160,"date":"2015-03-13T06:00:00","date_gmt":"2015-03-13T06:00:00","guid":{"rendered":"http:\/\/plazajuarez.mx\/index\/index.php\/2015\/03\/13\/se-reducira-el-plan-de-infraestructura-anuncia-videgaray\/"},"modified":"2015-03-13T06:00:00","modified_gmt":"2015-03-13T06:00:00","slug":"se-reducira-el-plan-de-infraestructura-anuncia-videgaray","status":"publish","type":"post","link":"https:\/\/plazajuarez.mx\/historico\/se-reducira-el-plan-de-infraestructura-anuncia-videgaray\/","title":{"rendered":"Se reducir\u00e1 el plan de infraestructura,  anuncia Videgaray"},"content":{"rendered":"<p>M\u00e9xico, DF.- El secretario de Hacienda, Luis Videgaray anunci\u00f3 que se revisar\u00e1 el plan nacional de Infraestructura y se cancelar\u00e1n los programas que no est\u00e9n debidamente evaluados. Al participar en el 28 Congreso Mexicano de la Industria de la Construcci\u00f3n, el funcionario afirm\u00f3 que el a\u00f1o pr\u00f3ximo se tendr\u00e1 que gastar menos pero mejor.<\/p>\n<p>  <!--more-->  <\/p>\n<p>\u00a0<\/p>\n<p>&#8220;Es cierto, el recorte, el ajuste en el gasto p\u00fablico tendr\u00e1 un efecto en el margen sobre el crecimiento econ\u00f3mico de este a\u00f1o, pero piensen cual ser\u00eda el efecto de incrementar el d\u00e9ficit, de poner en riesgo la confianza de los mercados y del mundo en el manejo de las finanzas p\u00fablicas mexicanas y esa historia ya la hemos vivido hace algunas d\u00e9cadas&#8221;.<\/p>\n<p>Sin embargo, afirm\u00f3 que la recuperaci\u00f3n de la econom\u00eda mexicana ya est\u00e1 en marcha y ya se observa en cifras espec\u00edficas. Indic\u00f3 que el sector de la construcci\u00f3n est\u00e1 encabezando la reactivaci\u00f3n econ\u00f3mica.<\/p>\n<p>Se\u00f1al\u00f3 que en mayo cuando el Inegi d\u00e9 a conocer las cifras de crecimiento al primer trimestre del a\u00f1o se evaluar\u00e1 si se hace un ajuste al pron\u00f3stico de crecimiento. &#8220;Es un hecho que el ajuste en el gasto tendr\u00e1 un impacto en el crecimiento pero ser\u00e1 marginal y permite consolidar la estabilidad&#8221;, destac\u00f3.<\/p>\n<p>El recorte en el gasto, dijo, es una medida oportuna y subray\u00f3 que la recuperaci\u00f3n econ\u00f3mica ya est\u00e1 en marcha, como lo demuestran las cifras de crecimiento de las ventas en tiendas de auto servicios a tiendas totales de 8 por ciento, a tiendas iguales un crecimiento de 5 por ciento.<\/p>\n<p>Por otro lado, las cifras del Instituto del Seguro Social\u00a0 a febrero se\u00f1alan que hubo una creaci\u00f3n de empleos de 730 mil empleos en t\u00e9rminos anualizados.<\/p>\n<p>Ahora el reto es que las condiciones adversas internacionales, como la volatilidad de las tasas de inter\u00e9s y cambiaria y la baja el precio del petr\u00f3leo no se conviertan en obst\u00e1culo en el crecimiento econ\u00f3mico y &#8220;por eso estamos tomando las medidas del ajuste al gasto p\u00fablico y seguiremos tomando las medidas necesarias para preservar la estabilidad econ\u00f3mica&#8221;. (Agencias)<\/p>\n","protected":false},"excerpt":{"rendered":"<p>M\u00e9xico, DF.- El secretario de Hacienda, Luis Videgaray anunci\u00f3 que se revisar\u00e1 el plan nacional de Infraestructura y se cancelar\u00e1n los programas que no est\u00e9n debidamente evaluados. Al participar en el 28 Congreso Mexicano de la Industria de la Construcci\u00f3n, el funcionario afirm\u00f3 que el a\u00f1o pr\u00f3ximo se tendr\u00e1 que gastar menos pero mejor.<\/p>\n","protected":false},"author":93,"featured_media":0,"comment_status":"open","ping_status":"open","sticky":false,"template":"","format":"standard","meta":{"footnotes":""},"categories":[36],"tags":[],"class_list":["post-2160","post","type-post","status-publish","format-standard","hentry","category-nacion"],"_links":{"self":[{"href":"https:\/\/plazajuarez.mx\/historico\/wp-json\/wp\/v2\/posts\/2160","targetHints":{"allow":["GET"]}}],"collection":[{"href":"https:\/\/plazajuarez.mx\/historico\/wp-json\/wp\/v2\/posts"}],"about":[{"href":"https:\/\/plazajuarez.mx\/historico\/wp-json\/wp\/v2\/types\/post"}],"author":[{"embeddable":true,"href":"https:\/\/plazajuarez.mx\/historico\/wp-json\/wp\/v2\/users\/93"}],"replies":[{"embeddable":true,"href":"https:\/\/plazajuarez.mx\/historico\/wp-json\/wp\/v2\/comments?post=2160"}],"version-history":[{"count":0,"href":"https:\/\/plazajuarez.mx\/historico\/wp-json\/wp\/v2\/posts\/2160\/revisions"}],"wp:attachment":[{"href":"https:\/\/plazajuarez.mx\/historico\/wp-json\/wp\/v2\/media?parent=2160"}],"wp:term":[{"taxonomy":"category","embeddable":true,"href":"https:\/\/plazajuarez.mx\/historico\/wp-json\/wp\/v2\/categories?post=2160"},{"taxonomy":"post_tag","embeddable":true,"href":"https:\/\/plazajuarez.mx\/historico\/wp-json\/wp\/v2\/tags?post=2160"}],"curies":[{"name":"wp","href":"https:\/\/api.w.org\/{rel}","templated":true}]}}