{"id":215925,"date":"2022-05-23T07:28:28","date_gmt":"2022-05-23T12:28:28","guid":{"rendered":"https:\/\/plazajuarez.mx\/?p=215925"},"modified":"2022-05-23T07:28:36","modified_gmt":"2022-05-23T12:28:36","slug":"en-tres-dias-el-ultimo-debate-que-no-cambiara-ya-nada","status":"publish","type":"post","link":"https:\/\/plazajuarez.mx\/historico\/en-tres-dias-el-ultimo-debate-que-no-cambiara-ya-nada\/","title":{"rendered":"EN TRES D\u00cdAS EL \u00daLTIMO DEBATE, QUE NO CAMBIAR\u00c1 YA NADA\u00a0"},"content":{"rendered":"\n<h2 class=\"wp-block-heading\">ALFIL NEGRO<\/h2>\n\n\n\n<p>En tres d\u00edas, el jueves 26 de este mes, en la capital del estado, se llevar\u00e1 a cabo el \u00faltimo de los debates que organiza el IEEH con la asistencia casi segura de los cuatro candidatos al gobierno del estado, sin que se vea que este \u00faltimo ejercicio de contraste de propuestas y en su caso de acusaciones o denuncias pueda cambiar el rumbo que lleva la elecci\u00f3n en lo que se refiere a la decisi\u00f3n que para esta hora ya han tomado los ciudadanos, y que de alguna manera se adelanta en las encuestas que marcan ya a un favorito y a los que vienen detr\u00e1s haciendo su mejor esfuerzo pero ya sin oportunidad de ganar.<\/p>\n\n\n\n<p>Esto de acuerdo a los datos que dan encuestas de El Reforma, El Universal, PARAMETR\u00cdA&nbsp; y otras que le dan al candidato de Morena una ventaja importante.<\/p>\n\n\n\n<p>Lo que se nota es que muchos ciudadanos ya decidieron por qui\u00e9n votar y no se ve c\u00f3mo hacerlos cambiar de opini\u00f3n, cuando ya s\u00f3lo faltan para el 5 de junio, d\u00eda de la votaci\u00f3n, 11 d\u00edas. Lo que no se logr\u00f3 en casi 60 d\u00edas de campa\u00f1a y dos debates, adem\u00e1s de todos los esquemas de publicidad, sobre todo en redes sociales, con la participaci\u00f3n de empresas profesionales que se supone le conocen a esto de las campa\u00f1as se ve dif\u00edcil que logren cambios por el \u00faltimo debate, por m\u00e1s fuerte que sea en ataques o denuncias, las m\u00e1s de las veces sin pruebas ni argumentos reales.<\/p>\n\n\n\n<p>Lo que se advierte es que Viggiano no acaba de reponerse de la exhibida que le dio Menchaca en el primer debate en Huichapan, donde mostr\u00f3 con datos obtenidos de documentos oficiales que es due\u00f1a de 17 propiedades, lo mismo en su tierra Tepehuac\u00e1n de Guerrero, que en zonas residenciales en Pachuca como el Club de Golf, que crea dudas fuertes en el electorado, y m\u00e1s con lo de una casa de muchos millones en Lomas de&nbsp; Chapultepec en la Ciudad de M\u00e9xico.<\/p>\n\n\n\n<p>Sin embargo la pol\u00edtica es una caja de sorpresas&nbsp; donde todo puede pasar, as\u00ed que lo mejor es esperar para ver c\u00f3mo se dan estos \u00faltimos 9 d\u00edas de campa\u00f1a y sobre todo el \u00faltimo debate del 26 de este mes.<\/p>\n\n\n\n<p><strong>Parece que ya nada cambiar\u00e1, pero en esto, todo puede pasar en cualquier momento.<\/strong><\/p>\n","protected":false},"excerpt":{"rendered":"<p>ALFIL NEGRO En tres d\u00edas, el jueves 26 de este mes, en la capital del estado, se llevar\u00e1 a cabo el \u00faltimo de los debates que organiza el IEEH con la asistencia casi segura de los cuatro candidatos al gobierno del estado, sin que se vea que este \u00faltimo ejercicio de contraste de propuestas y [&hellip;]<\/p>\n","protected":false},"author":83,"featured_media":208526,"comment_status":"closed","ping_status":"closed","sticky":false,"template":"","format":"standard","meta":{"footnotes":""},"categories":[48,42],"tags":[],"class_list":["post-215925","post","type-post","status-publish","format-standard","has-post-thumbnail","hentry","category-adalberto-peralta","category-nuestrapalabra"],"_links":{"self":[{"href":"https:\/\/plazajuarez.mx\/historico\/wp-json\/wp\/v2\/posts\/215925","targetHints":{"allow":["GET"]}}],"collection":[{"href":"https:\/\/plazajuarez.mx\/historico\/wp-json\/wp\/v2\/posts"}],"about":[{"href":"https:\/\/plazajuarez.mx\/historico\/wp-json\/wp\/v2\/types\/post"}],"author":[{"embeddable":true,"href":"https:\/\/plazajuarez.mx\/historico\/wp-json\/wp\/v2\/users\/83"}],"replies":[{"embeddable":true,"href":"https:\/\/plazajuarez.mx\/historico\/wp-json\/wp\/v2\/comments?post=215925"}],"version-history":[{"count":0,"href":"https:\/\/plazajuarez.mx\/historico\/wp-json\/wp\/v2\/posts\/215925\/revisions"}],"wp:featuredmedia":[{"embeddable":true,"href":"https:\/\/plazajuarez.mx\/historico\/wp-json\/wp\/v2\/media\/208526"}],"wp:attachment":[{"href":"https:\/\/plazajuarez.mx\/historico\/wp-json\/wp\/v2\/media?parent=215925"}],"wp:term":[{"taxonomy":"category","embeddable":true,"href":"https:\/\/plazajuarez.mx\/historico\/wp-json\/wp\/v2\/categories?post=215925"},{"taxonomy":"post_tag","embeddable":true,"href":"https:\/\/plazajuarez.mx\/historico\/wp-json\/wp\/v2\/tags?post=215925"}],"curies":[{"name":"wp","href":"https:\/\/api.w.org\/{rel}","templated":true}]}}