{"id":2159,"date":"2015-03-13T06:00:00","date_gmt":"2015-03-13T06:00:00","guid":{"rendered":"http:\/\/plazajuarez.mx\/index\/index.php\/2015\/03\/13\/la-reforma-laboral-no-ha-incentivado-el-empleo-admite-navarrete-prida\/"},"modified":"2015-03-13T06:00:00","modified_gmt":"2015-03-13T06:00:00","slug":"la-reforma-laboral-no-ha-incentivado-el-empleo-admite-navarrete-prida","status":"publish","type":"post","link":"https:\/\/plazajuarez.mx\/historico\/la-reforma-laboral-no-ha-incentivado-el-empleo-admite-navarrete-prida\/","title":{"rendered":"La reforma laboral no ha incentivado  el empleo, admite Navarrete Prida"},"content":{"rendered":"<p>M\u00e9xico, D.F.- El secretario del Trabajo, Alfonso Navarrete Prida, se\u00f1al\u00f3 ayer que no va a poder haber recuperaci\u00f3n de los salarios por otra v\u00eda, que no sea la productividad y sostuvo que esto no se dar\u00e1 pronto.<\/p>\n<p>  <!--more-->  <\/p>\n<p>\u00a0<\/p>\n<p>Al presentar el informe de resultados de la Reforma Laboral, el funcionario asegur\u00f3 adem\u00e1s que las modificaciones que se llevaron a cabo a la Ley Federal del Trabajo, entre las cuales se flexibiliz\u00f3 las formar de contrataci\u00f3n, \u201cno precariz\u00f3 el empleo\u201d, aunque tampoco ha incentivado la generaci\u00f3n de trabajo para segmentos de poblaci\u00f3n como los j\u00f3venes.<\/p>\n<p>Navarrete Prida dijo que no se trata de dar un discurso \u201ctriunfalista\u201d en materia laboral, porque falta a\u00fan mucho por hacer en este tema ya que sigue estando un 57 por ciento de la poblaci\u00f3n en la econom\u00eda informal; se mantiene el reto de reducir el n\u00famero de los 2.5 millones de ni\u00f1os que laboran en el pa\u00eds y un 45 por ciento de los trabajadores no est\u00e1n capacitados suficientemente para cubrir sus actividades.<\/p>\n<p>En cuanto a justicia laboral expuso que tan solo en lo que va del presente a\u00f1o, la Procuradur\u00eda Federal de la Defensa del Trabajo ha recuperado 300 millones de pesos de las Afores para los trabajadores. (Agencias)<\/p>\n","protected":false},"excerpt":{"rendered":"<p>M\u00e9xico, D.F.- El secretario del Trabajo, Alfonso Navarrete Prida, se\u00f1al\u00f3 ayer que no va a poder haber recuperaci\u00f3n de los salarios por otra v\u00eda, que no sea la productividad y sostuvo que esto no se dar\u00e1 pronto.<\/p>\n","protected":false},"author":93,"featured_media":0,"comment_status":"open","ping_status":"open","sticky":false,"template":"","format":"standard","meta":{"footnotes":""},"categories":[36],"tags":[],"class_list":["post-2159","post","type-post","status-publish","format-standard","hentry","category-nacion"],"_links":{"self":[{"href":"https:\/\/plazajuarez.mx\/historico\/wp-json\/wp\/v2\/posts\/2159","targetHints":{"allow":["GET"]}}],"collection":[{"href":"https:\/\/plazajuarez.mx\/historico\/wp-json\/wp\/v2\/posts"}],"about":[{"href":"https:\/\/plazajuarez.mx\/historico\/wp-json\/wp\/v2\/types\/post"}],"author":[{"embeddable":true,"href":"https:\/\/plazajuarez.mx\/historico\/wp-json\/wp\/v2\/users\/93"}],"replies":[{"embeddable":true,"href":"https:\/\/plazajuarez.mx\/historico\/wp-json\/wp\/v2\/comments?post=2159"}],"version-history":[{"count":0,"href":"https:\/\/plazajuarez.mx\/historico\/wp-json\/wp\/v2\/posts\/2159\/revisions"}],"wp:attachment":[{"href":"https:\/\/plazajuarez.mx\/historico\/wp-json\/wp\/v2\/media?parent=2159"}],"wp:term":[{"taxonomy":"category","embeddable":true,"href":"https:\/\/plazajuarez.mx\/historico\/wp-json\/wp\/v2\/categories?post=2159"},{"taxonomy":"post_tag","embeddable":true,"href":"https:\/\/plazajuarez.mx\/historico\/wp-json\/wp\/v2\/tags?post=2159"}],"curies":[{"name":"wp","href":"https:\/\/api.w.org\/{rel}","templated":true}]}}