{"id":215899,"date":"2022-05-22T14:56:58","date_gmt":"2022-05-22T19:56:58","guid":{"rendered":"https:\/\/plazajuarez.mx\/?p=215899"},"modified":"2022-05-22T15:15:54","modified_gmt":"2022-05-22T20:15:54","slug":"toro-ruedo","status":"publish","type":"post","link":"https:\/\/plazajuarez.mx\/historico\/toro-ruedo\/","title":{"rendered":"Escapa toro del ruedo y lesiona a cuatro personas"},"content":{"rendered":"\n<p><\/p>\n\n\n\n<p>Tres agentes de Movilidad y Transporte de Tulancingo y un civil, resultaron lesionados por un toro, la tarde del pasado s\u00e1bado 21 de mayo, cuando \u00e9ste sali\u00f3 del ruedo de la plaza de toros port\u00e1til, ubicada en las instalaciones de la Expo Feria, en la colonia Las Glorias de Tulancingo, Hidalgo.<\/p>\n\n\n\n<p>El astado era el cuarto del evento de rejoneo programado para el pasado s\u00e1bado, sin embargo, al salir el toro, este brinc\u00f3 la barricada y escap\u00f3 por un \u00e1rea de las gradas, lesionado a las cuatro personas.<\/p>\n\n\n\n<p>El civil lesionado es un var\u00f3n de 30 a\u00f1os de edad que fue trasladado a una cl\u00ednica particular de Tulancingo, mientras que dos de los tres agentes lesionados fueron trasladados al Hospital General de Tulancingo; por su parte, el tercer elemento no requiri\u00f3 traslado a un nosocomio.<\/p>\n\n\n\n<p><\/p>\n\n\n\n<p><\/p>\n\n\n\n<iframe loading=\"lazy\" src=\"https:\/\/www.facebook.com\/plugins\/video.php?height=476&#038;href=https%3A%2F%2Fwww.facebook.com%2Fdiarioplazajuarez%2Fvideos%2F751347449636018%2F&#038;show_text=false&#038;width=261&#038;t=0\" width=\"261\" height=\"476\" style=\"border:none;overflow:hidden\" scrolling=\"no\" frameborder=\"0\" allowfullscreen=\"true\" allow=\"autoplay; clipboard-write; encrypted-media; picture-in-picture; web-share\" allowFullScreen=\"true\"><\/iframe>\n\n\n\n<p>Los afectados, de acuerdo con informaci\u00f3n oficial, fueron valorados m\u00e9dicamente reportando que sus lesiones no son de gravedad.<\/p>\n\n\n\n<p>La plaza port\u00e1til, con capacidad para dos mil 500 personas, se instal\u00f3 para llevar a cabo un evento de rejoneo, con la actuaci\u00f3n de los Forcados Hidalguenses y Amadores de M\u00e9xico, quienes realizaron un homenaje a ocho a\u00f1os del fallecimiento del forcado tulancinguense Eduardo del Villar.<\/p>\n","protected":false},"excerpt":{"rendered":"<p>Tres agentes de Movilidad y Transporte de Tulancingo y un civil, resultaron lesionados por un toro, la tarde del pasado s\u00e1bado 21 de mayo, cuando \u00e9ste sali\u00f3 del ruedo de la plaza de toros port\u00e1til, ubicada en las instalaciones de la Expo Feria, en la colonia Las Glorias de Tulancingo, Hidalgo. El astado era el [&hellip;]<\/p>\n","protected":false},"author":70,"featured_media":215900,"comment_status":"closed","ping_status":"closed","sticky":false,"template":"","format":"standard","meta":{"footnotes":""},"categories":[15,2159,40],"tags":[],"class_list":["post-215899","post","type-post","status-publish","format-standard","has-post-thumbnail","hentry","category-destacadas","category-noticias-de-hidalgo","category-region"],"_links":{"self":[{"href":"https:\/\/plazajuarez.mx\/historico\/wp-json\/wp\/v2\/posts\/215899","targetHints":{"allow":["GET"]}}],"collection":[{"href":"https:\/\/plazajuarez.mx\/historico\/wp-json\/wp\/v2\/posts"}],"about":[{"href":"https:\/\/plazajuarez.mx\/historico\/wp-json\/wp\/v2\/types\/post"}],"author":[{"embeddable":true,"href":"https:\/\/plazajuarez.mx\/historico\/wp-json\/wp\/v2\/users\/70"}],"replies":[{"embeddable":true,"href":"https:\/\/plazajuarez.mx\/historico\/wp-json\/wp\/v2\/comments?post=215899"}],"version-history":[{"count":0,"href":"https:\/\/plazajuarez.mx\/historico\/wp-json\/wp\/v2\/posts\/215899\/revisions"}],"wp:featuredmedia":[{"embeddable":true,"href":"https:\/\/plazajuarez.mx\/historico\/wp-json\/wp\/v2\/media\/215900"}],"wp:attachment":[{"href":"https:\/\/plazajuarez.mx\/historico\/wp-json\/wp\/v2\/media?parent=215899"}],"wp:term":[{"taxonomy":"category","embeddable":true,"href":"https:\/\/plazajuarez.mx\/historico\/wp-json\/wp\/v2\/categories?post=215899"},{"taxonomy":"post_tag","embeddable":true,"href":"https:\/\/plazajuarez.mx\/historico\/wp-json\/wp\/v2\/tags?post=215899"}],"curies":[{"name":"wp","href":"https:\/\/api.w.org\/{rel}","templated":true}]}}