{"id":2158,"date":"2015-03-13T06:00:00","date_gmt":"2015-03-13T06:00:00","guid":{"rendered":"http:\/\/plazajuarez.mx\/index\/index.php\/2015\/03\/13\/tepjf-revoca-amonestacion-al-pvem-emite-nueva-sancion\/"},"modified":"2015-03-13T06:00:00","modified_gmt":"2015-03-13T06:00:00","slug":"tepjf-revoca-amonestacion-al-pvem-emite-nueva-sancion","status":"publish","type":"post","link":"https:\/\/plazajuarez.mx\/historico\/tepjf-revoca-amonestacion-al-pvem-emite-nueva-sancion\/","title":{"rendered":"TEPJF revoca amonestaci\u00f3n  al PVEM; emite nueva sanci\u00f3n"},"content":{"rendered":"<p>M\u00e9xico, D.F.- Por mayor\u00eda la Sala Superior del Tribunal Electoral del Poder Judicial de la Federaci\u00f3n (TEPJF) revoc\u00f3 la &#8220;amonestaci\u00f3n&#8221; que la Sala Regional Especializada impuso al PVEM por su estrategia sistem\u00e1tica y reiterada de propaganda, y le orden\u00f3 emitir una nueva sanci\u00f3n en la que considere la adquisici\u00f3n indebida de tiempos en radio y televisi\u00f3n.<\/p>\n<p>  <!--more-->  <\/p>\n<p>\u00a0<\/p>\n<p>La noche del mi\u00e9rcoles el TEPJF resolvi\u00f3 16 recursos interpuestos por partidos opositores en contra del PVEM, tres de ellos para pedir nuevas sanciones a ese partido acordes a la violaci\u00f3n a los principios constitucionales de equidad en la contienda, misma que, establecieron los propios magistrados de la Sala Regional, qued\u00f3 acreditada.<\/p>\n<p>Aunque la devoluci\u00f3n de las sentencias fue avalada por la mayor\u00eda de los magistrados de la Sala Superior del Tribunal, tras valorar que no hubo congruencia entre la falta hallada y la sanci\u00f3n, en la discusi\u00f3n no hubo consenso sobre el tipo de castigo a aplicar.<\/p>\n<p>Para los magistrados Mar\u00eda del Carmen Alan\u00eds y Salvador Nava la falta cometida por el PVEM fue muy grave pues a precios de mercado se calcula que gast\u00f3 330 millones de pesos, lo que equivale a sus prerrogativas del 2015.<\/p>\n<p>&#8220;Hubo abuso de derecho y fraude a la ley&#8221;, dijo Alan\u00eds.<\/p>\n<p>&#8220;No se trata de informes legislativos genuinos, se trata de la utilizaci\u00f3n de los promocionales de legisladores, de los contenidos de las campa\u00f1as del PVEM&#8230; (se debe) revocar, para m\u00ed la falta es grave es la violaci\u00f3n del modelo de comunicaci\u00f3n pol\u00edtica y al calificar como grave esta falta se tendr\u00edan que ordenar a la Sala Especializada que individualice la sanci\u00f3n&#8221;, sostuvo la magistrada. \u00a0(Agencias)<\/p>\n","protected":false},"excerpt":{"rendered":"<p>M\u00e9xico, D.F.- Por mayor\u00eda la Sala Superior del Tribunal Electoral del Poder Judicial de la Federaci\u00f3n (TEPJF) revoc\u00f3 la &#8220;amonestaci\u00f3n&#8221; que la Sala Regional Especializada impuso al PVEM por su estrategia sistem\u00e1tica y reiterada de propaganda, y le orden\u00f3 emitir una nueva sanci\u00f3n en la que considere la adquisici\u00f3n indebida de tiempos en radio y [&hellip;]<\/p>\n","protected":false},"author":93,"featured_media":0,"comment_status":"open","ping_status":"open","sticky":false,"template":"","format":"standard","meta":{"footnotes":""},"categories":[36],"tags":[],"class_list":["post-2158","post","type-post","status-publish","format-standard","hentry","category-nacion"],"_links":{"self":[{"href":"https:\/\/plazajuarez.mx\/historico\/wp-json\/wp\/v2\/posts\/2158","targetHints":{"allow":["GET"]}}],"collection":[{"href":"https:\/\/plazajuarez.mx\/historico\/wp-json\/wp\/v2\/posts"}],"about":[{"href":"https:\/\/plazajuarez.mx\/historico\/wp-json\/wp\/v2\/types\/post"}],"author":[{"embeddable":true,"href":"https:\/\/plazajuarez.mx\/historico\/wp-json\/wp\/v2\/users\/93"}],"replies":[{"embeddable":true,"href":"https:\/\/plazajuarez.mx\/historico\/wp-json\/wp\/v2\/comments?post=2158"}],"version-history":[{"count":0,"href":"https:\/\/plazajuarez.mx\/historico\/wp-json\/wp\/v2\/posts\/2158\/revisions"}],"wp:attachment":[{"href":"https:\/\/plazajuarez.mx\/historico\/wp-json\/wp\/v2\/media?parent=2158"}],"wp:term":[{"taxonomy":"category","embeddable":true,"href":"https:\/\/plazajuarez.mx\/historico\/wp-json\/wp\/v2\/categories?post=2158"},{"taxonomy":"post_tag","embeddable":true,"href":"https:\/\/plazajuarez.mx\/historico\/wp-json\/wp\/v2\/tags?post=2158"}],"curies":[{"name":"wp","href":"https:\/\/api.w.org\/{rel}","templated":true}]}}