{"id":215765,"date":"2022-05-21T10:37:57","date_gmt":"2022-05-21T15:37:57","guid":{"rendered":"https:\/\/plazajuarez.mx\/?p=215765"},"modified":"2022-05-21T10:38:15","modified_gmt":"2022-05-21T15:38:15","slug":"el-padre-de-los-murales-chicanos-de-colorado","status":"publish","type":"post","link":"https:\/\/plazajuarez.mx\/historico\/el-padre-de-los-murales-chicanos-de-colorado\/","title":{"rendered":"El \u201cpadre&#8221; de los murales chicanos de Colorado"},"content":{"rendered":"\n<p>A sus 75 a\u00f1os, Emanuel Mart\u00ednez, considerado una autoridad de los murales chicanos en Estados Unidos, lucha en Colorado por el mantenimiento y rescate de estas obras que \u00e9l considera &#8220;una forma de resistencia&#8221; en su pelea por la inclusi\u00f3n.<\/p>\n\n\n\n<p>El artista dice que &#8220;La Alma&#8221;, una obra en la que plasm\u00f3 en 1978 la mezcla ind\u00edgena, espa\u00f1ola y mexicana en un parque de Denver, es &#8220;el ep\u00edtome de lo que un mural comunitario debe ser&#8221;.<\/p>\n\n\n\n<p>Es una manera de expresar &#8220;la resistencia y la resiliencia de los pueblos ind\u00edgenas, usando las historias, la mitolog\u00eda y el l\u00e9xico&#8221; de esos pueblos, expresa.<\/p>\n\n\n\n<p>Como muralista, pintor y escultor, Mart\u00ednez ha logrado renombre nacional e internacional con exposiciones en el Museo Nacional de Arte Estadounidense en Washington, y prestigiosos premios por &#8220;su capacidad de dise\u00f1o y altos est\u00e1ndares de mano de obra&#8221;.<\/p>\n\n\n\n<p>Sus obras, descritas como &#8220;vivas, atemporales y serenas&#8221;, han sido incluidas en centenares de art\u00edculos y aparecen como tema central en una treintena de libros especializados.<\/p>\n\n\n\n<p>Una de ellas, una escultura de bronce de 3 metros de alto, rinde honor a los estudiantes chicanos que en 1969 abandonaron sus aulas en una secundaria de Denver en protesta por las desventajosas condiciones educativas.<\/p>\n","protected":false},"excerpt":{"rendered":"<p>A sus 75 a\u00f1os, Emanuel Mart\u00ednez, considerado una autoridad de los murales chicanos en Estados Unidos, lucha en Colorado por el mantenimiento y rescate de estas obras que \u00e9l considera &#8220;una forma de resistencia&#8221; en su pelea por la inclusi\u00f3n. El artista dice que &#8220;La Alma&#8221;, una obra en la que plasm\u00f3 en 1978 la [&hellip;]<\/p>\n","protected":false},"author":80,"featured_media":215766,"comment_status":"closed","ping_status":"closed","sticky":false,"template":"","format":"standard","meta":{"footnotes":""},"categories":[41],"tags":[],"class_list":["post-215765","post","type-post","status-publish","format-standard","has-post-thumbnail","hentry","category-arteria-cultural"],"_links":{"self":[{"href":"https:\/\/plazajuarez.mx\/historico\/wp-json\/wp\/v2\/posts\/215765","targetHints":{"allow":["GET"]}}],"collection":[{"href":"https:\/\/plazajuarez.mx\/historico\/wp-json\/wp\/v2\/posts"}],"about":[{"href":"https:\/\/plazajuarez.mx\/historico\/wp-json\/wp\/v2\/types\/post"}],"author":[{"embeddable":true,"href":"https:\/\/plazajuarez.mx\/historico\/wp-json\/wp\/v2\/users\/80"}],"replies":[{"embeddable":true,"href":"https:\/\/plazajuarez.mx\/historico\/wp-json\/wp\/v2\/comments?post=215765"}],"version-history":[{"count":0,"href":"https:\/\/plazajuarez.mx\/historico\/wp-json\/wp\/v2\/posts\/215765\/revisions"}],"wp:featuredmedia":[{"embeddable":true,"href":"https:\/\/plazajuarez.mx\/historico\/wp-json\/wp\/v2\/media\/215766"}],"wp:attachment":[{"href":"https:\/\/plazajuarez.mx\/historico\/wp-json\/wp\/v2\/media?parent=215765"}],"wp:term":[{"taxonomy":"category","embeddable":true,"href":"https:\/\/plazajuarez.mx\/historico\/wp-json\/wp\/v2\/categories?post=215765"},{"taxonomy":"post_tag","embeddable":true,"href":"https:\/\/plazajuarez.mx\/historico\/wp-json\/wp\/v2\/tags?post=215765"}],"curies":[{"name":"wp","href":"https:\/\/api.w.org\/{rel}","templated":true}]}}