{"id":2157,"date":"2015-03-13T06:00:00","date_gmt":"2015-03-13T06:00:00","guid":{"rendered":"http:\/\/plazajuarez.mx\/index\/index.php\/2015\/03\/13\/ine-atenta-contra-libertad-de-expresion-afirman-en-pvem\/"},"modified":"2015-03-13T06:00:00","modified_gmt":"2015-03-13T06:00:00","slug":"ine-atenta-contra-libertad-de-expresion-afirman-en-pvem","status":"publish","type":"post","link":"https:\/\/plazajuarez.mx\/historico\/ine-atenta-contra-libertad-de-expresion-afirman-en-pvem\/","title":{"rendered":"INE atenta contra libertad de  expresi\u00f3n, afirman en PVEM"},"content":{"rendered":"<p>M\u00e9xico, D.F.- El senador Carlos Alberto Puente Salas (PVEM) acus\u00f3 como un atentado a la libertad de expresi\u00f3n, la nueva orden de retiro de otro spots de su partido.<\/p>\n<p>  <!--more-->  <\/p>\n<p>\u00a0<\/p>\n<p>El legislador que aparece con una conductora en el spot que debe salir del aire, dijo que el PVEM acata las disposiciones del consejo general.<\/p>\n<p>Sin embargo, dice, esperamos que los consejeros nos digan que no podemos decir, dado el c\u00famulo de frases que rechaza el consejo general.<\/p>\n<p>Demand\u00f3 que haya &#8220;piso parejo&#8221;, pues Morena, PRD y PAN tienen anuncios que no se sancionan. (Agencias)<\/p>\n","protected":false},"excerpt":{"rendered":"<p>M\u00e9xico, D.F.- El senador Carlos Alberto Puente Salas (PVEM) acus\u00f3 como un atentado a la libertad de expresi\u00f3n, la nueva orden de retiro de otro spots de su partido.<\/p>\n","protected":false},"author":93,"featured_media":0,"comment_status":"open","ping_status":"open","sticky":false,"template":"","format":"standard","meta":{"footnotes":""},"categories":[36],"tags":[],"class_list":["post-2157","post","type-post","status-publish","format-standard","hentry","category-nacion"],"_links":{"self":[{"href":"https:\/\/plazajuarez.mx\/historico\/wp-json\/wp\/v2\/posts\/2157","targetHints":{"allow":["GET"]}}],"collection":[{"href":"https:\/\/plazajuarez.mx\/historico\/wp-json\/wp\/v2\/posts"}],"about":[{"href":"https:\/\/plazajuarez.mx\/historico\/wp-json\/wp\/v2\/types\/post"}],"author":[{"embeddable":true,"href":"https:\/\/plazajuarez.mx\/historico\/wp-json\/wp\/v2\/users\/93"}],"replies":[{"embeddable":true,"href":"https:\/\/plazajuarez.mx\/historico\/wp-json\/wp\/v2\/comments?post=2157"}],"version-history":[{"count":0,"href":"https:\/\/plazajuarez.mx\/historico\/wp-json\/wp\/v2\/posts\/2157\/revisions"}],"wp:attachment":[{"href":"https:\/\/plazajuarez.mx\/historico\/wp-json\/wp\/v2\/media?parent=2157"}],"wp:term":[{"taxonomy":"category","embeddable":true,"href":"https:\/\/plazajuarez.mx\/historico\/wp-json\/wp\/v2\/categories?post=2157"},{"taxonomy":"post_tag","embeddable":true,"href":"https:\/\/plazajuarez.mx\/historico\/wp-json\/wp\/v2\/tags?post=2157"}],"curies":[{"name":"wp","href":"https:\/\/api.w.org\/{rel}","templated":true}]}}