{"id":215636,"date":"2022-05-20T10:41:09","date_gmt":"2022-05-20T15:41:09","guid":{"rendered":"https:\/\/plazajuarez.mx\/?p=215636"},"modified":"2022-05-20T10:41:20","modified_gmt":"2022-05-20T15:41:20","slug":"brujos-veracruzanos","status":"publish","type":"post","link":"https:\/\/plazajuarez.mx\/historico\/brujos-veracruzanos\/","title":{"rendered":"Brujos veracruzanos"},"content":{"rendered":"\n<h2 class=\"wp-block-heading\">CINE DE AYER<\/h2>\n\n\n\n<p>Aunque Brujos y curanderos form\u00f3 parte de la retrospectiva que la Cineteca Nacional dedic\u00f3 a Juan Francisco Urrusti, no tuvimos oportunidad de verla en su momento, por lo que nos dio gusto descubrir que se encontraba de manera gratuita en la plataforma Filmin Latino.<\/p>\n\n\n\n<p>Filmada en 1981, se trata de la segunda cinta de este realizador nacido en la ciudad de M\u00e9xico, el 20 de octubre de 1954, cuando trabaj\u00f3 en el Instituto Nacional Indigenista.<\/p>\n\n\n\n<p>Ese mismo a\u00f1o hab\u00eda debutado con Mara acame (Cantador y curandero) un documental que segu\u00eda los pasos de Agust\u00edn Montoya de la Cruz, un curandero cantador de la comunidad wixarika de San Miguel Huaixtita.<\/p>\n\n\n\n<p>En su primer largometraje Urrusti entrevista a m\u00e9dicos, chamanes y pacientes en la regi\u00f3n de los Tuxtlas en Veracruz.<\/p>\n\n\n\n<p>Algunos de ellos se manejan casi como m\u00e9dicos comunes, que recetan medicinas y curan de manera tradicional.<\/p>\n\n\n\n<p>Otros en cambio utilizan las hierbas que ellos mismos cultivan y que han pasado de generaci\u00f3n en generaci\u00f3n.<\/p>\n\n\n\n<p>Hay otros, en cambio, que afirman haber hecho un pacto con el diablo, \u201cque los ha hecho muy poderosos\u201d y les conceden todo lo que pidan.<\/p>\n\n\n\n<p>Hay algunos curanderos que aprovechan la psicolog\u00eda y predisponen a los pacientes a su curaci\u00f3n, utilizando los temores de los enfermos.<\/p>\n\n\n\n<p>Los m\u00e1s famosos son los de Catemaco, que incluso han sido tema de otro documental que est\u00e1 a punto de estrenarse.<\/p>\n\n\n\n<p>Brujos y curanderos resulta pues un interesante testimonio acerca de las diversas formas de curaci\u00f3n que existen en nuestro pa\u00eds, ajenas a las instituciones oficiales de salud.<\/p>\n","protected":false},"excerpt":{"rendered":"<p>CINE DE AYER Aunque Brujos y curanderos form\u00f3 parte de la retrospectiva que la Cineteca Nacional dedic\u00f3 a Juan Francisco Urrusti, no tuvimos oportunidad de verla en su momento, por lo que nos dio gusto descubrir que se encontraba de manera gratuita en la plataforma Filmin Latino. Filmada en 1981, se trata de la segunda [&hellip;]<\/p>\n","protected":false},"author":96,"featured_media":215638,"comment_status":"closed","ping_status":"closed","sticky":false,"template":"","format":"standard","meta":{"footnotes":""},"categories":[41,54,42],"tags":[],"class_list":["post-215636","post","type-post","status-publish","format-standard","has-post-thumbnail","hentry","category-arteria-cultural","category-jorge-carrasco","category-nuestrapalabra"],"_links":{"self":[{"href":"https:\/\/plazajuarez.mx\/historico\/wp-json\/wp\/v2\/posts\/215636","targetHints":{"allow":["GET"]}}],"collection":[{"href":"https:\/\/plazajuarez.mx\/historico\/wp-json\/wp\/v2\/posts"}],"about":[{"href":"https:\/\/plazajuarez.mx\/historico\/wp-json\/wp\/v2\/types\/post"}],"author":[{"embeddable":true,"href":"https:\/\/plazajuarez.mx\/historico\/wp-json\/wp\/v2\/users\/96"}],"replies":[{"embeddable":true,"href":"https:\/\/plazajuarez.mx\/historico\/wp-json\/wp\/v2\/comments?post=215636"}],"version-history":[{"count":0,"href":"https:\/\/plazajuarez.mx\/historico\/wp-json\/wp\/v2\/posts\/215636\/revisions"}],"wp:featuredmedia":[{"embeddable":true,"href":"https:\/\/plazajuarez.mx\/historico\/wp-json\/wp\/v2\/media\/215638"}],"wp:attachment":[{"href":"https:\/\/plazajuarez.mx\/historico\/wp-json\/wp\/v2\/media?parent=215636"}],"wp:term":[{"taxonomy":"category","embeddable":true,"href":"https:\/\/plazajuarez.mx\/historico\/wp-json\/wp\/v2\/categories?post=215636"},{"taxonomy":"post_tag","embeddable":true,"href":"https:\/\/plazajuarez.mx\/historico\/wp-json\/wp\/v2\/tags?post=215636"}],"curies":[{"name":"wp","href":"https:\/\/api.w.org\/{rel}","templated":true}]}}