{"id":215633,"date":"2022-05-20T10:41:44","date_gmt":"2022-05-20T15:41:44","guid":{"rendered":"https:\/\/plazajuarez.mx\/?p=215633"},"modified":"2022-05-20T10:42:42","modified_gmt":"2022-05-20T15:42:42","slug":"revelan-la-carta-que-la-reina-isabel-ii-dedico-a-sus-papas","status":"publish","type":"post","link":"https:\/\/plazajuarez.mx\/historico\/revelan-la-carta-que-la-reina-isabel-ii-dedico-a-sus-papas\/","title":{"rendered":"Revelan la carta que la reina Isabel II dedic\u00f3 a sus pap\u00e1s"},"content":{"rendered":"\n<p>Como parte de los festejos en honor a la reina Isabel II, The Royal Collection Trust public\u00f3, por primera vez, una carta que la entonces princesa Elizabeth, de 11 a\u00f1os, hab\u00eda escrito para sus pap\u00e1s, en 1937. Con una letra muy legible y dedicada a &#8220;mam\u00e1 y pap\u00e1&#8221;, la peque\u00f1a &#8216;Lilibet&#8217; escribi\u00f3 de pu\u00f1o unas dulces palabras.<\/p>\n\n\n\n<p>El tierno apodo de &#8216;Lilibet&#8217; se le dio a la actual soberana cuando era muy peque\u00f1a debido a que no podr\u00eda pronunciar bien su nombre y su c\u00edrculo m\u00e1s cercano, incluido el difunto duque de Edimburgo, as\u00ed le dijeron durante el resto de su vida. La conmovedora nota retrata lo que sucedi\u00f3 el d\u00eda de la coronaci\u00f3n de su pap\u00e1, George, luego de la abdicaci\u00f3n de su hermano, Edward VIII.<\/p>\n\n\n\n<p>El relato de la entonces joven princesa comienza cuando el sonido de los Royal Marines la despiertan a las 5 de la ma\u00f1ana, antes de ponerse una bata para asomarse desde su rec\u00e1mara. Isabel II record\u00f3 haber visto un grupo de muchas personas y luego ir a la guarder\u00eda para recoger a su hermana, la princesa Margarita.<\/p>\n\n\n\n<p>Isabel II tambi\u00e9n describi\u00f3 c\u00f3mo ella y Margarita no terminaron su desayuno porque estaban muy emocionadas y con gran detalle describi\u00f3 c\u00f3mo estaban vestidas: con atuendos de seda blanca, encaje color crema, mangas abullonadas y &#8220;peque\u00f1os lazos dorados hasta el centro&#8221;.<\/p>\n\n\n\n<p>Minutos m\u00e1s tarde, Isabel y Margarita corrieron a la habitaci\u00f3n del rey Jorge y la reina Isabel para darles los buenos d\u00edas, y anot\u00f3 c\u00f3mo &#8220;besaron a mam\u00e1 y le desearon buena suerte&#8221; antes de dirigirse a la Abad\u00eda de Westminster.<\/p>\n\n\n\n<p>En una carta dirigida a la Reina Madre, como se le conoc\u00eda a la mam\u00e1 de Isabel II, el pr\u00edncipe Felipe expres\u00f3 c\u00f3mo ve\u00eda su vida al lado de Isabel. &#8220;Lilibet es lo \u00fanico en este mundo que es absolutamente real para m\u00ed y mi ambici\u00f3n es llevarnos a los dos a una nueva existencia combinada que no solo ser\u00e1 capaz de resistir los golpes dirigidos a nosotros, sino que tambi\u00e9n tendr\u00e1 una existencia positiva para el bien&#8230; \u00bfCherish Lilibet?&#8221;.<\/p>\n\n\n\n<p>El texto sigue: &#8220;Me pregunto si esa palabra es suficiente para expresar lo que hay en m\u00ed. \u00bfAprecia uno su sentido del humor o su o\u00eddo musical o sus ojos? No estoy seguro, pero s\u00e9 que doy gracias a Dios por ellos y as\u00ed, muy humildemente, doy gracias a Dios por Lilibet y por nosotros&#8221;.<\/p>\n\n\n\n<p>Como parte de los homenajes a la reina Isabel II por su Jubileo de Platino, el 2 de junio se llevar\u00e1 a cabo el desfile Trooping the Colour, que se llevar\u00e1 a cabo completamente desde la pandemia, y el s\u00e1bado habr\u00e1 una misa de acci\u00f3n de gracias por el reinado de la Reina, de 96 a\u00f1os.<\/p>\n","protected":false},"excerpt":{"rendered":"<p>Como parte de los festejos en honor a la reina Isabel II, The Royal Collection Trust public\u00f3, por primera vez, una carta que la entonces princesa Elizabeth, de 11 a\u00f1os, hab\u00eda escrito para sus pap\u00e1s, en 1937. Con una letra muy legible y dedicada a &#8220;mam\u00e1 y pap\u00e1&#8221;, la peque\u00f1a &#8216;Lilibet&#8217; escribi\u00f3 de pu\u00f1o unas [&hellip;]<\/p>\n","protected":false},"author":81,"featured_media":215639,"comment_status":"closed","ping_status":"closed","sticky":false,"template":"","format":"standard","meta":{"footnotes":""},"categories":[41],"tags":[],"class_list":["post-215633","post","type-post","status-publish","format-standard","has-post-thumbnail","hentry","category-arteria-cultural"],"_links":{"self":[{"href":"https:\/\/plazajuarez.mx\/historico\/wp-json\/wp\/v2\/posts\/215633","targetHints":{"allow":["GET"]}}],"collection":[{"href":"https:\/\/plazajuarez.mx\/historico\/wp-json\/wp\/v2\/posts"}],"about":[{"href":"https:\/\/plazajuarez.mx\/historico\/wp-json\/wp\/v2\/types\/post"}],"author":[{"embeddable":true,"href":"https:\/\/plazajuarez.mx\/historico\/wp-json\/wp\/v2\/users\/81"}],"replies":[{"embeddable":true,"href":"https:\/\/plazajuarez.mx\/historico\/wp-json\/wp\/v2\/comments?post=215633"}],"version-history":[{"count":0,"href":"https:\/\/plazajuarez.mx\/historico\/wp-json\/wp\/v2\/posts\/215633\/revisions"}],"wp:featuredmedia":[{"embeddable":true,"href":"https:\/\/plazajuarez.mx\/historico\/wp-json\/wp\/v2\/media\/215639"}],"wp:attachment":[{"href":"https:\/\/plazajuarez.mx\/historico\/wp-json\/wp\/v2\/media?parent=215633"}],"wp:term":[{"taxonomy":"category","embeddable":true,"href":"https:\/\/plazajuarez.mx\/historico\/wp-json\/wp\/v2\/categories?post=215633"},{"taxonomy":"post_tag","embeddable":true,"href":"https:\/\/plazajuarez.mx\/historico\/wp-json\/wp\/v2\/tags?post=215633"}],"curies":[{"name":"wp","href":"https:\/\/api.w.org\/{rel}","templated":true}]}}