{"id":215608,"date":"2022-05-20T07:46:20","date_gmt":"2022-05-20T12:46:20","guid":{"rendered":"https:\/\/plazajuarez.mx\/?p=215608"},"modified":"2022-05-20T07:46:32","modified_gmt":"2022-05-20T12:46:32","slug":"ya-hay-conflicto-por-falta-de-agua-en-el-mezquital-sedagroh","status":"publish","type":"post","link":"https:\/\/plazajuarez.mx\/historico\/ya-hay-conflicto-por-falta-de-agua-en-el-mezquital-sedagroh\/","title":{"rendered":"Ya hay conflicto por falta de agua en el Mezquital: Sedagroh"},"content":{"rendered":"\n<p>Valle del Mezquital.- De acuerdo al Secretario de Desarrollo Agropecuario de Hidalgo (Sedagroh), Carlos Mu\u00f1iz, han comenzado los conflictos en algunas zonas del Mezquital, debido a la falta de agua y lluvias, que han afectado al agro en esta regi\u00f3n.<\/p>\n\n\n\n<p>Dijo, que esta semana sostuvo una reuni\u00f3n con productores y el tema principal que ha sido abordado, tiene que ver con la falta de lluvias que ha reducido los vol\u00famenes de agua que son enviados a los distritos de riego.<\/p>\n\n\n\n<p>\u201cLo que s\u00ed queremos es que ya llueva, sobre todo para los productores del campo. No tenemos agua, ya comienzan los conflictos por la temporada de estiaje\u201d, sostuvo el funcionario, quien agreg\u00f3, que ya la siguiente semana comienza la temporada de ciclones y huracanes.<\/p>\n\n\n\n<p>Este problema, tambi\u00e9n ha sido reportado por organizaciones de productores de los municipios de Ixmiquilpan, San Salvador, Francisco I. Madero y Alfajayucan, donde la temporada de sequ\u00eda ha comenzado a generar preocupaci\u00f3n por la falta de agua en las presas que se han reducido a m\u00ednimos hist\u00f3ricos.<\/p>\n\n\n\n<p>Por ahora, de acuerdo a la propia Sedagroh, no se podr\u00e1 hacer otra cosa m\u00e1s que esperar a que comiencen las lluvias y que esto represente un incremento en los vol\u00famenes de agua que son enviados a estas regiones.<\/p>\n","protected":false},"excerpt":{"rendered":"<p>Valle del Mezquital.- De acuerdo al Secretario de Desarrollo Agropecuario de Hidalgo (Sedagroh), Carlos Mu\u00f1iz, han comenzado los conflictos en algunas zonas del Mezquital, debido a la falta de agua y lluvias, que han afectado al agro en esta regi\u00f3n. Dijo, que esta semana sostuvo una reuni\u00f3n con productores y el tema principal que ha [&hellip;]<\/p>\n","protected":false},"author":75,"featured_media":215609,"comment_status":"closed","ping_status":"closed","sticky":false,"template":"","format":"standard","meta":{"footnotes":""},"categories":[2159,40],"tags":[],"class_list":["post-215608","post","type-post","status-publish","format-standard","has-post-thumbnail","hentry","category-noticias-de-hidalgo","category-region"],"_links":{"self":[{"href":"https:\/\/plazajuarez.mx\/historico\/wp-json\/wp\/v2\/posts\/215608","targetHints":{"allow":["GET"]}}],"collection":[{"href":"https:\/\/plazajuarez.mx\/historico\/wp-json\/wp\/v2\/posts"}],"about":[{"href":"https:\/\/plazajuarez.mx\/historico\/wp-json\/wp\/v2\/types\/post"}],"author":[{"embeddable":true,"href":"https:\/\/plazajuarez.mx\/historico\/wp-json\/wp\/v2\/users\/75"}],"replies":[{"embeddable":true,"href":"https:\/\/plazajuarez.mx\/historico\/wp-json\/wp\/v2\/comments?post=215608"}],"version-history":[{"count":0,"href":"https:\/\/plazajuarez.mx\/historico\/wp-json\/wp\/v2\/posts\/215608\/revisions"}],"wp:featuredmedia":[{"embeddable":true,"href":"https:\/\/plazajuarez.mx\/historico\/wp-json\/wp\/v2\/media\/215609"}],"wp:attachment":[{"href":"https:\/\/plazajuarez.mx\/historico\/wp-json\/wp\/v2\/media?parent=215608"}],"wp:term":[{"taxonomy":"category","embeddable":true,"href":"https:\/\/plazajuarez.mx\/historico\/wp-json\/wp\/v2\/categories?post=215608"},{"taxonomy":"post_tag","embeddable":true,"href":"https:\/\/plazajuarez.mx\/historico\/wp-json\/wp\/v2\/tags?post=215608"}],"curies":[{"name":"wp","href":"https:\/\/api.w.org\/{rel}","templated":true}]}}