{"id":2156,"date":"2015-03-13T06:00:00","date_gmt":"2015-03-13T06:00:00","guid":{"rendered":"http:\/\/plazajuarez.mx\/index\/index.php\/2015\/03\/13\/ejercito-iraqui-sitia-tikrit-y-empuja-al-ejercito-islamista-hacia-el-centro-de-la-ciudad\/"},"modified":"2015-03-13T06:00:00","modified_gmt":"2015-03-13T06:00:00","slug":"ejercito-iraqui-sitia-tikrit-y-empuja-al-ejercito-islamista-hacia-el-centro-de-la-ciudad","status":"publish","type":"post","link":"https:\/\/plazajuarez.mx\/historico\/ejercito-iraqui-sitia-tikrit-y-empuja-al-ejercito-islamista-hacia-el-centro-de-la-ciudad\/","title":{"rendered":"Ej\u00e9rcito iraqu\u00ed sitia Tikrit y empuja al  Ej\u00e9rcito Islamista hacia el centro de la ciudad"},"content":{"rendered":"<p>Bagdad.- El Ej\u00e9rcito iraqu\u00ed, apoyado por milicias chi\u00edes y tribales, contin\u00faa ganando terreno a combatientes del autodenominado Estado Isl\u00e1mico (EI) en la estrat\u00e9gica ciudad de Tikrit, donde avanza con cautela por la gran cantidad de explosivos colocados por los yihadistas. Las fuerzas regulares y las milicias iraqu\u00edes alcanzaron el lunes la zona septentrional de una ciudad clave en la ofensiva contra los terroristas, que se hicieron con el control de un tercio del pa\u00eds en junio pasado.<\/p>\n<p>  <!--more-->  <\/p>\n<p>\u00a0<\/p>\n<p>Las tropas fieles a Bagdad avanzan en Tikrit en varios frentes \u2013han tomado la zona industrial y la plaza de las Celebraciones -forzando a los militantes del EI a retirarse hacia el centro de la ciudad. La idea de los mandos iraqu\u00edes es no precipitar el avance hacia el sur. \u201cNo queremos precipitarnos para evitar bajas\u201d, declar\u00f3 el general de la polic\u00eda Bahaa Al-Azawi. \u201cTikrit est\u00e1 sitiada por todos los lados\u201d, a\u00f1adi\u00f3. El mi\u00e9rcoles, los soldados y los miembros de las unidades de movilizaci\u00f3n popular, una fuerza paramilitar formada en mayor\u00eda por milicias chi\u00edes, retomaron buena parte del barrio de Qadisiyah.<\/p>\n<p>Hadi al-Almeri, comandante de las Unidades de Movilizaci\u00f3n Popular, ha declarado a los periodistas presentes en las proximidades de la l\u00ednea del frente, que los combatientes del Estado Isl\u00e1mico no tienen v\u00eda de escape. \u201cTienen dos opciones: rendirse o morir\u201d, afirm\u00f3.<\/p>\n<p>Recuperar el control completo de Tikrit, capital de Saladino, en el v\u00e9rtice superior del llamado tri\u00e1ngulo sun\u00ed, es fundamental para seguir la ofensiva militar con vista al asalto a Mosul, la tercera urbe iraqu\u00ed que en junio pasado cay\u00f3 en manos de los yihadistas. (Agencias)<\/p>\n","protected":false},"excerpt":{"rendered":"<p>Bagdad.- El Ej\u00e9rcito iraqu\u00ed, apoyado por milicias chi\u00edes y tribales, contin\u00faa ganando terreno a combatientes del autodenominado Estado Isl\u00e1mico (EI) en la estrat\u00e9gica ciudad de Tikrit, donde avanza con cautela por la gran cantidad de explosivos colocados por los yihadistas. Las fuerzas regulares y las milicias iraqu\u00edes alcanzaron el lunes la zona septentrional de una [&hellip;]<\/p>\n","protected":false},"author":93,"featured_media":0,"comment_status":"open","ping_status":"open","sticky":false,"template":"","format":"standard","meta":{"footnotes":""},"categories":[31],"tags":[],"class_list":["post-2156","post","type-post","status-publish","format-standard","hentry","category-orbe"],"_links":{"self":[{"href":"https:\/\/plazajuarez.mx\/historico\/wp-json\/wp\/v2\/posts\/2156","targetHints":{"allow":["GET"]}}],"collection":[{"href":"https:\/\/plazajuarez.mx\/historico\/wp-json\/wp\/v2\/posts"}],"about":[{"href":"https:\/\/plazajuarez.mx\/historico\/wp-json\/wp\/v2\/types\/post"}],"author":[{"embeddable":true,"href":"https:\/\/plazajuarez.mx\/historico\/wp-json\/wp\/v2\/users\/93"}],"replies":[{"embeddable":true,"href":"https:\/\/plazajuarez.mx\/historico\/wp-json\/wp\/v2\/comments?post=2156"}],"version-history":[{"count":0,"href":"https:\/\/plazajuarez.mx\/historico\/wp-json\/wp\/v2\/posts\/2156\/revisions"}],"wp:attachment":[{"href":"https:\/\/plazajuarez.mx\/historico\/wp-json\/wp\/v2\/media?parent=2156"}],"wp:term":[{"taxonomy":"category","embeddable":true,"href":"https:\/\/plazajuarez.mx\/historico\/wp-json\/wp\/v2\/categories?post=2156"},{"taxonomy":"post_tag","embeddable":true,"href":"https:\/\/plazajuarez.mx\/historico\/wp-json\/wp\/v2\/tags?post=2156"}],"curies":[{"name":"wp","href":"https:\/\/api.w.org\/{rel}","templated":true}]}}