{"id":2154,"date":"2015-03-13T06:00:00","date_gmt":"2015-03-13T06:00:00","guid":{"rendered":"http:\/\/plazajuarez.mx\/index\/index.php\/2015\/03\/13\/queremos-ir-a-europa\/"},"modified":"2015-03-13T06:00:00","modified_gmt":"2015-03-13T06:00:00","slug":"queremos-ir-a-europa","status":"publish","type":"post","link":"https:\/\/plazajuarez.mx\/historico\/queremos-ir-a-europa\/","title":{"rendered":"Queremos ir a Europa&#8217;"},"content":{"rendered":"<ul>\n<li><strong><strong>Los sirios que escaparon al L\u00edbano viven dispersos en precarios asentamientos informales<\/strong><\/strong> <!--more--> <\/li>\n<\/ul>\n<p>Sid\u00f3n, El L\u00edbano.- El quinto hijo de Mahmud al Ali y Hakima Diab no nacer\u00e1 sirio sino que ser\u00e1 un ni\u00f1o del exilio. El matrimonio vive desde hace tres a\u00f1os en un refugio hecho con pl\u00e1sticos y tablas de madera en el L\u00edbano. &#8220;Nuestra situaci\u00f3n aqu\u00ed es muy mala. Tuvimos que dejar nuestro pa\u00eds, nuestro hogar y ahora no tenemos nada&#8221;, relata Diab, de 35 a\u00f1os, en su tienda del asentamiento de Delhamiyeh, a pocos kil\u00f3metros de Zahle (la capital de la Bekaa). &#8220;En Siria ten\u00edamos de todo. Pero lleg\u00f3 la guerra y tuvimos que dejar Alepo&#8221;, lamenta.<\/p>\n<p>All\u00ed se quedaron sus padres, sus suegros y sus hermanos. &#8220;No podemos hablar con ellos con frecuencia porque el tel\u00e9fono es caro y a veces no hay red. Pero nos cuentan que est\u00e1n pasando muchas calamidades, sin comida ni agua, por la guerra&#8221;, explica la mujer. Ellos pudieron escapar. &#8220;Viajamos en coche durante m\u00e1s de seis horas evitando los combates hasta que al fin cruzamos la frontera&#8221;, recuerda.<\/p>\n<p>Es ella la que menciona que su marido no puede trabajar en el L\u00edbano. &#8220;Se queda en casa&#8221;, dice llamando hogar al precario refugio que les resguarda. Las nieves del invierno todav\u00eda alfombran las monta\u00f1as que rodean Zahle, a cuyos pies se extiende este asentamiento a orillas de campos de labranza y huertos. Siria est\u00e1 apenas a un pu\u00f1ado de kil\u00f3metros de all\u00ed, inalcanzable.<\/p>\n<p>&#8220;Hace nueve meses que no hemos podido renovar los papeles aqu\u00ed. Ahora, seg\u00fan las nuevas leyes, para estar aqu\u00ed necesitamos un patr\u00f3n y un dep\u00f3sito de 1.000 d\u00f3lares. As\u00ed que, sin papeles, no puedo trabajar&#8221;, cuenta Al Ali. Como la situaci\u00f3n en Siria no tiene visos de solucionarse, el sue\u00f1o de esta familia es emigrar a otro pa\u00eds que les d\u00e9 una oportunidad: &#8220;La situaci\u00f3n no es buena en Siria y no vemos que haya pronto una soluci\u00f3n para poder volver. As\u00ed que queremos emigrar, irnos a Alemania. Hemos hablado con el ACNUR para que nos reinstalen. Si no es Alemania, ellos elegir\u00e1n por nosotros&#8221;. (Agencias)<\/p>\n","protected":false},"excerpt":{"rendered":"<p>Los sirios que escaparon al L\u00edbano viven dispersos en precarios asentamientos informales<\/p>\n","protected":false},"author":93,"featured_media":0,"comment_status":"open","ping_status":"open","sticky":false,"template":"","format":"standard","meta":{"footnotes":""},"categories":[31],"tags":[],"class_list":["post-2154","post","type-post","status-publish","format-standard","hentry","category-orbe"],"_links":{"self":[{"href":"https:\/\/plazajuarez.mx\/historico\/wp-json\/wp\/v2\/posts\/2154","targetHints":{"allow":["GET"]}}],"collection":[{"href":"https:\/\/plazajuarez.mx\/historico\/wp-json\/wp\/v2\/posts"}],"about":[{"href":"https:\/\/plazajuarez.mx\/historico\/wp-json\/wp\/v2\/types\/post"}],"author":[{"embeddable":true,"href":"https:\/\/plazajuarez.mx\/historico\/wp-json\/wp\/v2\/users\/93"}],"replies":[{"embeddable":true,"href":"https:\/\/plazajuarez.mx\/historico\/wp-json\/wp\/v2\/comments?post=2154"}],"version-history":[{"count":0,"href":"https:\/\/plazajuarez.mx\/historico\/wp-json\/wp\/v2\/posts\/2154\/revisions"}],"wp:attachment":[{"href":"https:\/\/plazajuarez.mx\/historico\/wp-json\/wp\/v2\/media?parent=2154"}],"wp:term":[{"taxonomy":"category","embeddable":true,"href":"https:\/\/plazajuarez.mx\/historico\/wp-json\/wp\/v2\/categories?post=2154"},{"taxonomy":"post_tag","embeddable":true,"href":"https:\/\/plazajuarez.mx\/historico\/wp-json\/wp\/v2\/tags?post=2154"}],"curies":[{"name":"wp","href":"https:\/\/api.w.org\/{rel}","templated":true}]}}