{"id":215389,"date":"2022-05-18T16:45:30","date_gmt":"2022-05-18T21:45:30","guid":{"rendered":"https:\/\/plazajuarez.mx\/?p=215389"},"modified":"2022-05-18T16:45:30","modified_gmt":"2022-05-18T21:45:30","slug":"afirma_menchaca","status":"publish","type":"post","link":"https:\/\/plazajuarez.mx\/historico\/afirma_menchaca\/","title":{"rendered":"Entusiasmo de la gente debe traducirse en las urnas, afirma Julio Menchaca"},"content":{"rendered":"\n<p>El candidato com\u00fan de \u201cJuntos Hacemos Historia\u201d, Julio Menchaca Salzar, sostuvo un encuentro con militantes y simpatizantes, en donde dijo que Hidalgo seguir\u00e1 el ejemplo de la alternancia pol\u00edtica que en Nopala de Villagr\u00e1n se realiz\u00f3 en 2020.<\/p>\n\n\n\n<p>El abanderado de Morena, el Partido Nueva Alianza Hidalgo (PNAH) y el Partido del Trabajo (PT) explic\u00f3 que el movimiento que encabeza es democr\u00e1tico y pac\u00edfico, pero es necesario el respaldo en las urnas.<\/p>\n\n\n\n<p>\u201cEste d\u00eda, venimos abrazando la esperanza, que en cada rinc\u00f3n y en cada municipio del estado, en cada comunidad exista esa conciencia de tomar en nuestras manos el presente y futuro, lo tenemos muy cercano en un ejercicio democr\u00e1tico y pac\u00edfico el 5 de junio, porque vamos a demostrar que las encuestas y llenar una plaza p\u00fablica se traduce en la posibilidad de tener un gobierno distinto y de aterrizar en Hidalgo la Cuarta Transformaci\u00f3n\u201d, enfatiz\u00f3 Menchaca Salazar.<\/p>\n\n\n\n<p>Expuso adem\u00e1s que es imperioso demostrar dicho entusiasmo el d\u00eda de las elecciones, pues lo que les queda a los adversarios es el dinero y piensan que van a comprar la voluntad y la dignidad de las personas.<\/p>\n\n\n\n<p>Julio Menchaca adelant\u00f3 que \u201ctener un gobernador aliado al presidente va a cambiar la vida de la entidad\u201d, mediante una administraci\u00f3n austera y honesta, que utilice bien el dinero p\u00fablico y que va a combatir la corrupci\u00f3n.<\/p>\n\n\n\n<p>El aspirante a gobernador especific\u00f3 que el esp\u00edritu del movimiento que encabeza tiene el objetivo de atender a todos los sectores, pues es fundamental fortalecer temas como la cultura, el deporte y apoyo a personas con discapacidad y varios m\u00e1s, pero para eso se necesita usar bien los recursos p\u00fablicos.<\/p>\n\n\n\n<p>En este encuentro lo acompa\u00f1\u00f3 la presidenta del Comit\u00e9 Ejecutivo Estatal de Morena, Sandra Alicia Ord\u00f3\u00f1ez; el senador C\u00e9sar Cravioto Romero; las diputadas Simey Olvera Bautista y Catalina Garc\u00eda Vilchis; Berenice Montoya, regidora de Naucalpan; Sergio Hern\u00e1ndez Hern\u00e1ndez, presidente de Nueva Alianza de Hidalgo; Ra\u00fal Mor\u00f3n Orozco, referente de Morena en Michoac\u00e1n; Roberto Dom\u00ednguez, diputado federal del Estado de M\u00e9xico; Sa\u00fal Hern\u00e1ndez Hern\u00e1ndez, diputado de San Luis Potos\u00ed, as\u00ed como el regidor de Nopala por Morena, Omar Cadena Ram\u00edrez.<\/p>\n","protected":false},"excerpt":{"rendered":"<p>El candidato com\u00fan de \u201cJuntos Hacemos Historia\u201d, Julio Menchaca Salzar, sostuvo un encuentro con militantes y simpatizantes, en donde dijo que Hidalgo seguir\u00e1 el ejemplo de la alternancia pol\u00edtica que en Nopala de Villagr\u00e1n se realiz\u00f3 en 2020. El abanderado de Morena, el Partido Nueva Alianza Hidalgo (PNAH) y el Partido del Trabajo (PT) explic\u00f3 [&hellip;]<\/p>\n","protected":false},"author":93,"featured_media":215390,"comment_status":"closed","ping_status":"","sticky":false,"template":"","format":"standard","meta":{"footnotes":""},"categories":[2373,15,59],"tags":[2426],"class_list":["post-215389","post","type-post","status-publish","format-standard","has-post-thumbnail","hentry","category-campanas-2022","category-destacadas","category-general","tag-campanas2022"],"_links":{"self":[{"href":"https:\/\/plazajuarez.mx\/historico\/wp-json\/wp\/v2\/posts\/215389","targetHints":{"allow":["GET"]}}],"collection":[{"href":"https:\/\/plazajuarez.mx\/historico\/wp-json\/wp\/v2\/posts"}],"about":[{"href":"https:\/\/plazajuarez.mx\/historico\/wp-json\/wp\/v2\/types\/post"}],"author":[{"embeddable":true,"href":"https:\/\/plazajuarez.mx\/historico\/wp-json\/wp\/v2\/users\/93"}],"replies":[{"embeddable":true,"href":"https:\/\/plazajuarez.mx\/historico\/wp-json\/wp\/v2\/comments?post=215389"}],"version-history":[{"count":0,"href":"https:\/\/plazajuarez.mx\/historico\/wp-json\/wp\/v2\/posts\/215389\/revisions"}],"wp:featuredmedia":[{"embeddable":true,"href":"https:\/\/plazajuarez.mx\/historico\/wp-json\/wp\/v2\/media\/215390"}],"wp:attachment":[{"href":"https:\/\/plazajuarez.mx\/historico\/wp-json\/wp\/v2\/media?parent=215389"}],"wp:term":[{"taxonomy":"category","embeddable":true,"href":"https:\/\/plazajuarez.mx\/historico\/wp-json\/wp\/v2\/categories?post=215389"},{"taxonomy":"post_tag","embeddable":true,"href":"https:\/\/plazajuarez.mx\/historico\/wp-json\/wp\/v2\/tags?post=215389"}],"curies":[{"name":"wp","href":"https:\/\/api.w.org\/{rel}","templated":true}]}}