{"id":215384,"date":"2022-05-18T14:33:37","date_gmt":"2022-05-18T19:33:37","guid":{"rendered":"https:\/\/plazajuarez.mx\/?p=215384"},"modified":"2022-05-18T14:39:27","modified_gmt":"2022-05-18T19:39:27","slug":"cimen_carolina","status":"publish","type":"post","link":"https:\/\/plazajuarez.mx\/historico\/cimen_carolina\/","title":{"rendered":"CUALQUIER OMISI\u00d3N EN SECTOR SALUD ES UN CRIMEN: CAROLINA VIGGIANO"},"content":{"rendered":"\n<p><\/p>\n\n\n\n<p>Para la candidata por la alianza Va por Hidalgo, Carolina Viggiano Austria, &#8220;todo lo que se omita o se haga mal en el sector salud es un crimen&#8221;, lo anterior tras reunirse con integrantes del Colegio M\u00e9dico Hidalguense. &#8220;Podemos reponer empleos pero no una vida&#8221;, refiri\u00f3.<\/p>\n\n\n\n<p><\/p>\n\n\n\n<iframe loading=\"lazy\" src=\"https:\/\/www.facebook.com\/plugins\/video.php?height=314&#038;href=https%3A%2F%2Fwww.facebook.com%2Fdiarioplazajuarez%2Fvideos%2F397819992237810%2F&#038;show_text=false&#038;width=560&#038;t=0\" width=\"560\" height=\"314\" style=\"border:none;overflow:hidden\" scrolling=\"no\" frameborder=\"0\" allowfullscreen=\"true\" allow=\"autoplay; clipboard-write; encrypted-media; picture-in-picture; web-share\" allowFullScreen=\"true\"><\/iframe>\n\n\n\n<p>Frente al gremio m\u00e9dico de la entidad, Viggiano Austria les pidi\u00f3 ayuda para convertirse en la primer gobernadora y con ello realizar una reingenier\u00eda del sistema de salud porque actualmente no funciona.<\/p>\n\n\n\n<p>Les asegur\u00f3 que ellos tendr\u00e1n voz para llevar a cabo esa modificaci\u00f3n pues al ser expertos conocen las necesidades en la materia. &#8220;Ya les dije qu\u00e9 voy hacer, pero el c\u00f3mo lo tengo que hacer junto con los expertos. No podemos improvisar, menos en esto&#8221;, afirm\u00f3.<\/p>\n\n\n\n<p>Tambi\u00e9n se comprometi\u00f3 a tener a un m\u00e9dico hidalguense con experiencia al frente de la Secretar\u00eda de Salud.<\/p>\n\n\n\n<p>En la reuni\u00f3n los m\u00e9dicos externaron varias situaciones que aquejan al sector como los bajos salarios; en ese sentido le pidieron incrementar el pago una vez que llegue a la gubernatura, as\u00ed como la colaboraci\u00f3n entre el sector p\u00fablico y privado.<\/p>\n\n\n\n<p>Tambi\u00e9n le solicitaron la donaci\u00f3n de un terreno donde se pueda construir un edificio para los colegios y asociaciones m\u00e9dicas, as\u00ed como la capacitaci\u00f3n del sector.<\/p>\n","protected":false},"excerpt":{"rendered":"<p>Para la candidata por la alianza Va por Hidalgo, Carolina Viggiano Austria, &#8220;todo lo que se omita o se haga mal en el sector salud es un crimen&#8221;, lo anterior tras reunirse con integrantes del Colegio M\u00e9dico Hidalguense. &#8220;Podemos reponer empleos pero no una vida&#8221;, refiri\u00f3. Frente al gremio m\u00e9dico de la entidad, Viggiano Austria [&hellip;]<\/p>\n","protected":false},"author":93,"featured_media":215385,"comment_status":"closed","ping_status":"closed","sticky":false,"template":"","format":"standard","meta":{"footnotes":""},"categories":[2373,15,59],"tags":[2471],"class_list":["post-215384","post","type-post","status-publish","format-standard","has-post-thumbnail","hentry","category-campanas-2022","category-destacadas","category-general","tag-elecciones2022"],"_links":{"self":[{"href":"https:\/\/plazajuarez.mx\/historico\/wp-json\/wp\/v2\/posts\/215384","targetHints":{"allow":["GET"]}}],"collection":[{"href":"https:\/\/plazajuarez.mx\/historico\/wp-json\/wp\/v2\/posts"}],"about":[{"href":"https:\/\/plazajuarez.mx\/historico\/wp-json\/wp\/v2\/types\/post"}],"author":[{"embeddable":true,"href":"https:\/\/plazajuarez.mx\/historico\/wp-json\/wp\/v2\/users\/93"}],"replies":[{"embeddable":true,"href":"https:\/\/plazajuarez.mx\/historico\/wp-json\/wp\/v2\/comments?post=215384"}],"version-history":[{"count":0,"href":"https:\/\/plazajuarez.mx\/historico\/wp-json\/wp\/v2\/posts\/215384\/revisions"}],"wp:featuredmedia":[{"embeddable":true,"href":"https:\/\/plazajuarez.mx\/historico\/wp-json\/wp\/v2\/media\/215385"}],"wp:attachment":[{"href":"https:\/\/plazajuarez.mx\/historico\/wp-json\/wp\/v2\/media?parent=215384"}],"wp:term":[{"taxonomy":"category","embeddable":true,"href":"https:\/\/plazajuarez.mx\/historico\/wp-json\/wp\/v2\/categories?post=215384"},{"taxonomy":"post_tag","embeddable":true,"href":"https:\/\/plazajuarez.mx\/historico\/wp-json\/wp\/v2\/tags?post=215384"}],"curies":[{"name":"wp","href":"https:\/\/api.w.org\/{rel}","templated":true}]}}