{"id":215379,"date":"2022-05-18T14:17:44","date_gmt":"2022-05-18T19:17:44","guid":{"rendered":"https:\/\/plazajuarez.mx\/?p=215379"},"modified":"2022-05-18T14:18:02","modified_gmt":"2022-05-18T19:18:02","slug":"aborto_seguro","status":"publish","type":"post","link":"https:\/\/plazajuarez.mx\/historico\/aborto_seguro\/","title":{"rendered":"CDMX recibir\u00eda a mujeres de EU que busquen abortar: Ssa local"},"content":{"rendered":"\n<p>La jefa de Gobierno de la Ciudad de M\u00e9xico, Claudia Sheinbaum, dijo que ser\u00eda un retroceso si en Estados Unidos se decide declarar ilegal el aborto en 26 de sus entidades.<\/p>\n\n\n\n<p>&#8220;Ser\u00eda un retroceso, y lo segundo es que la Ciudad de M\u00e9xico es la primera entidad donde se abri\u00f3 este derecho para la mujeres y ahora es un derecho para las mujeres de Guerrero que ayer fue aprobado en su congreso&#8221;, se\u00f1al\u00f3 durante la presentaci\u00f3n del anuario estad\u00edstico de producciones audiovisuales.<\/p>\n\n\n\n<p>Coment\u00f3 que la despenalizaci\u00f3n del aborto implica que una mujer no vaya a la c\u00e1rcel por practicarse un aborto, y que es necesario que puedan realizarlo en un lugar seguro.<\/p>\n\n\n\n<p>Por la ma\u00f1ana, la Secretaria de Salud, doctora Oliva L\u00f3pez Arellano, dijo que la Ciudad de M\u00e9xico y su gobierno de inclusi\u00f3n est\u00e1 lista y preparada para recibir a las mujeres que opten viajar a la capital de nuestro pa\u00eds para ser parte de la Interrupci\u00f3n Legal del Embarazo (ILE), ya que este programa es para todas las personas que soliciten el servicio, pues ellas tienen el derecho de decidir sobre su cuerpo, y nosotros la obligaci\u00f3n de proteger su salud.<\/p>\n\n\n\n<p>&#8220;Esperemos que el movimiento de mujeres en Estados Unidos consiga frenar una legislaci\u00f3n que ser\u00eda un retroceso que atentar\u00eda contra su derecho, pero nosotros tenemos la capacidad de atenci\u00f3n (&#8230;) lo hemos hecho, y podemos seguir haci\u00e9ndolo en la l\u00f3gica de que estamos en la ciudad que reconoce el derecho a la salud de todas las personas y que brinda la atenci\u00f3n de manera universal y gratuita&#8221;, dijo.<\/p>\n\n\n\n<p>&#8212;Destaca atenci\u00f3n<\/p>\n\n\n\n<p>Mencion\u00f3 que en los 15 a\u00f1os de la ILE, de las poco m\u00e1s de 247 mil personas que han sido atendidas por Interrupci\u00f3n Legal del Embarazo en la capital del pa\u00eds, alrededor de 77 mil no residen en la ciudad y s\u00f3lo 62 han sido de otros pa\u00edses, entre ellas, siete de Estados Unidos, cinco de Colombia y cuatro tanto de Costa Rica como de Brasil y Guatemala; y se han registrado cero muertes.<\/p>\n\n\n\n<p>&#8220;Hemos atendido personas del extranjero pues tenemos capacidad en las 15 unidades donde se practica la ILE&#8221;, indic\u00f3.<\/p>\n\n\n\n<p>L\u00f3pez Arellano destac\u00f3 que afortunadamente ya hay otras entidades federativas que se suman a la ampliaci\u00f3n y reconocimiento de este derecho, como ocurri\u00f3 este martes en Guerrero, que ya aprob\u00f3 la Interrupci\u00f3n Legal del Embarazo y junto a Coahuila, Baja California, Sinaloa, Oaxaca, Veracruz, Hidalgo y Colima, ya no criminalizan el derecho de las mujeres a decidir sobre su propio cuerpo.<\/p>\n\n\n\n<p>Finalmente se informa que la pr\u00f3xima semana un grupo de legisladores y legisladoras estatales de Texas, Colorado, Nuevo M\u00e9xico, Arizona y Carolina del Norte realizar\u00e1 una visita a los servicios de ILE en las unidades de la Secretar\u00eda de Salud de la Ciudad de M\u00e9xico, con el objetivo de mostrar los servicios de salud y dialogar sobre el impacto de anular el derecho a la interrupci\u00f3n legal del embarazo en algunas entidades de Estados Unidos.<\/p>\n","protected":false},"excerpt":{"rendered":"<p>La jefa de Gobierno de la Ciudad de M\u00e9xico, Claudia Sheinbaum, dijo que ser\u00eda un retroceso si en Estados Unidos se decide declarar ilegal el aborto en 26 de sus entidades. &#8220;Ser\u00eda un retroceso, y lo segundo es que la Ciudad de M\u00e9xico es la primera entidad donde se abri\u00f3 este derecho para la mujeres [&hellip;]<\/p>\n","protected":false},"author":81,"featured_media":193727,"comment_status":"closed","ping_status":"closed","sticky":false,"template":"","format":"standard","meta":{"footnotes":""},"categories":[2160],"tags":[2243],"class_list":["post-215379","post","type-post","status-publish","format-standard","has-post-thumbnail","hentry","category-noticias-de-la-ciudad-de-mexico","tag-aborto"],"_links":{"self":[{"href":"https:\/\/plazajuarez.mx\/historico\/wp-json\/wp\/v2\/posts\/215379","targetHints":{"allow":["GET"]}}],"collection":[{"href":"https:\/\/plazajuarez.mx\/historico\/wp-json\/wp\/v2\/posts"}],"about":[{"href":"https:\/\/plazajuarez.mx\/historico\/wp-json\/wp\/v2\/types\/post"}],"author":[{"embeddable":true,"href":"https:\/\/plazajuarez.mx\/historico\/wp-json\/wp\/v2\/users\/81"}],"replies":[{"embeddable":true,"href":"https:\/\/plazajuarez.mx\/historico\/wp-json\/wp\/v2\/comments?post=215379"}],"version-history":[{"count":0,"href":"https:\/\/plazajuarez.mx\/historico\/wp-json\/wp\/v2\/posts\/215379\/revisions"}],"wp:featuredmedia":[{"embeddable":true,"href":"https:\/\/plazajuarez.mx\/historico\/wp-json\/wp\/v2\/media\/193727"}],"wp:attachment":[{"href":"https:\/\/plazajuarez.mx\/historico\/wp-json\/wp\/v2\/media?parent=215379"}],"wp:term":[{"taxonomy":"category","embeddable":true,"href":"https:\/\/plazajuarez.mx\/historico\/wp-json\/wp\/v2\/categories?post=215379"},{"taxonomy":"post_tag","embeddable":true,"href":"https:\/\/plazajuarez.mx\/historico\/wp-json\/wp\/v2\/tags?post=215379"}],"curies":[{"name":"wp","href":"https:\/\/api.w.org\/{rel}","templated":true}]}}