{"id":2153,"date":"2015-03-13T06:00:00","date_gmt":"2015-03-13T06:00:00","guid":{"rendered":"http:\/\/plazajuarez.mx\/index\/index.php\/2015\/03\/13\/balacean-a-dos-agentes-de-policia-durante-una-protesta-en-ferguson\/"},"modified":"2015-03-13T06:00:00","modified_gmt":"2015-03-13T06:00:00","slug":"balacean-a-dos-agentes-de-policia-durante-una-protesta-en-ferguson","status":"publish","type":"post","link":"https:\/\/plazajuarez.mx\/historico\/balacean-a-dos-agentes-de-policia-durante-una-protesta-en-ferguson\/","title":{"rendered":"Balacean a dos agentes de polic\u00eda  durante una protesta en Ferguson"},"content":{"rendered":"<ul>\n<li><strong><strong>Unas 60 personas se manifestaban contra el &#8220;sesgo racista&#8221; del Departamento de Polic\u00eda<\/strong><\/strong> <!--more--> <\/li>\n<\/ul>\n<p>Washington.- Las protestas en Ferguson contra los abusos policiales se adentraron la madrugada del jueves en un peligroso terreno. Dos agentes de polic\u00eda resultaron heridos de gravedad por disparos procedentes del grupo de manifestantes que se concentraba frente a la comisar\u00eda de polic\u00eda de esa localidad de Misuri, en el Medio Oeste de EU.<\/p>\n<p>Es la primera vez desde que se iniciaron las protestas en agosto, tras la muerte de un joven negro desarmado por disparos policiales, que un agente es tiroteado. Los dos agentes tienen \u201cheridas muy serias de bala\u201d pero sus vidas no corren peligro, seg\u00fan dijo Jon Belmar, jefe de la polic\u00eda del condado de San Luis, del que forma parte Ferguson. Los disparos, de los cuales tres alcanzaron a los agentes, se efectuaron poco despu\u00e9s de la medianoche, cuando la polic\u00eda se enfrentaba a unos 60 manifestantes que se hab\u00edan congregado ante la comisar\u00eda. Las protestas nocturnas frente a la comisar\u00eda son frecuentes desde la muerte de Michael Brown en agosto. Muchas de ellas acaban en cargas y detenciones policiales.<\/p>\n<p>Uno de los heridos, un oficial del Departamento de Polic\u00eda de la localidad de Webster Groves de 32 a\u00f1os, recibi\u00f3 un disparo en la cara, mientras que el otro, de 41 y de la Polic\u00eda del condado de San Luis, fue alcanzado en el hombro. En una rueda de prensa en el hospital en el que son atendidos, Belmar dijo que no se ha identificado a ning\u00fan sospechoso, pero sugiri\u00f3 que el incidente se ve\u00eda a venir. &#8220;He dicho muchas veces que no podemos mantener esto [la tensi\u00f3n entre la polic\u00eda y los manifestantes en Ferguson] sin problemas. Este es un ambiente muy peligroso para nuestros agentes&#8221;, se\u00f1al\u00f3. (Agencias)<\/p>\n","protected":false},"excerpt":{"rendered":"<p>Unas 60 personas se manifestaban contra el &#8220;sesgo racista&#8221; del Departamento de Polic\u00eda<\/p>\n","protected":false},"author":93,"featured_media":0,"comment_status":"open","ping_status":"open","sticky":false,"template":"","format":"standard","meta":{"footnotes":""},"categories":[31],"tags":[],"class_list":["post-2153","post","type-post","status-publish","format-standard","hentry","category-orbe"],"_links":{"self":[{"href":"https:\/\/plazajuarez.mx\/historico\/wp-json\/wp\/v2\/posts\/2153","targetHints":{"allow":["GET"]}}],"collection":[{"href":"https:\/\/plazajuarez.mx\/historico\/wp-json\/wp\/v2\/posts"}],"about":[{"href":"https:\/\/plazajuarez.mx\/historico\/wp-json\/wp\/v2\/types\/post"}],"author":[{"embeddable":true,"href":"https:\/\/plazajuarez.mx\/historico\/wp-json\/wp\/v2\/users\/93"}],"replies":[{"embeddable":true,"href":"https:\/\/plazajuarez.mx\/historico\/wp-json\/wp\/v2\/comments?post=2153"}],"version-history":[{"count":0,"href":"https:\/\/plazajuarez.mx\/historico\/wp-json\/wp\/v2\/posts\/2153\/revisions"}],"wp:attachment":[{"href":"https:\/\/plazajuarez.mx\/historico\/wp-json\/wp\/v2\/media?parent=2153"}],"wp:term":[{"taxonomy":"category","embeddable":true,"href":"https:\/\/plazajuarez.mx\/historico\/wp-json\/wp\/v2\/categories?post=2153"},{"taxonomy":"post_tag","embeddable":true,"href":"https:\/\/plazajuarez.mx\/historico\/wp-json\/wp\/v2\/tags?post=2153"}],"curies":[{"name":"wp","href":"https:\/\/api.w.org\/{rel}","templated":true}]}}