{"id":215202,"date":"2022-05-17T13:15:22","date_gmt":"2022-05-17T18:15:22","guid":{"rendered":"https:\/\/plazajuarez.mx\/?p=215202"},"modified":"2022-05-17T13:18:45","modified_gmt":"2022-05-17T18:18:45","slug":"mas-de-4-mil-personas-han-contribuido-a-la-construccion-del-plan-de-gobierno-de-julio-menchaca","status":"publish","type":"post","link":"https:\/\/plazajuarez.mx\/historico\/mas-de-4-mil-personas-han-contribuido-a-la-construccion-del-plan-de-gobierno-de-julio-menchaca\/","title":{"rendered":"M\u00e1s de 4 mil personas han contribuido a la construcci\u00f3n del Plan de Gobierno de Julio Menchaca"},"content":{"rendered":"\n<p>El candidato com\u00fan de \u201cJuntos Hacemos Historia\u201d, Julio Menchaca Salazar, sostuvo un encuentro con militantes y simpatizantes del municipio de Atotonilco el Grande, en donde destac\u00f3 que m\u00e1s de 4 mil personas han contribuido de manera presencial a la construcci\u00f3n del Plan de Gobierno a trav\u00e9s de las mesas de trabajo de \u201cDi\u00e1logos para la Transformaci\u00f3n\u201d, mientras que de manera virtual se han recibido m\u00e1s de 50 mil propuestas.\u00a0<\/p>\n\n\n\n<p>El abanderado de Morena, el Partido Nueva Alianza Hidalgo (PNAH) y el Partido del Trabajo (PT) destac\u00f3 el inter\u00e9s que ha mostrado la ciudadan\u00eda para construir el gobierno que permita cubrir las necesidades de cada uno de los sectores de la poblaci\u00f3n.<\/p>\n\n\n\n<p>Caso contrario de sus adversarios, quienes ante la falta de iniciativas y el desconocimiento de las carencias de la gente, han tenido que contratar a despachos que les desarrollen un plan de acci\u00f3n.&nbsp;<\/p>\n\n\n\n<p>Julio Menchaca adelant\u00f3 que, como parte de las primeras acciones de su gobierno, en el \u00e1mbito educativo se encuentra el mejoramiento de la infraestructura que permita garantizar condiciones dignas para que miles de estudiantes cuenten con las herramientas necesarias para desarrollar todas sus habilidades.<\/p>\n\n\n\n<p>Asimismo, enfatiz\u00f3 que, de la mano del Gobierno Federal, emprender\u00e1 un programa que apoyar\u00e1 a las y los j\u00f3venes que se encuentran buscando un primer empleo.&nbsp;<\/p>\n\n\n\n<p>Subray\u00f3 que estas propuestas ya tienen contemplado un presupuesto responsable que permita cumplir con los objetivos trazados, reiterando que la correcta utilizaci\u00f3n de los recursos ser\u00e1 uno de los ejes primordiales de su administraci\u00f3n.&nbsp;<\/p>\n\n\n\n<p>Respecto al sector salud, el aspirante a gobernador se comprometi\u00f3 a que dicha dependencia estar\u00e1 integrada por los mejores perfiles, que al igual que su gabinete estar\u00e1 compuesto de manera paritaria, manteniendo la responsabilidad de guiarse bajo los preceptos de un gobierno honesto y austero en beneficio de quienes menos tienen.&nbsp;<\/p>\n\n\n\n<p>Menchaca Salazar lament\u00f3 que durante a\u00f1os se haya registrado una fuga de inversiones en el estado a consecuencia de la corrupci\u00f3n, por lo que la generaci\u00f3n de un Sistema Anticorrupci\u00f3n eficiente ser\u00e1 una de las prioridades al asumir el encargo que el pueblo de Hidalgo le conferir\u00e1 el pr\u00f3ximo domingo 5 de junio.<\/p>\n\n\n\n<p>En esta edici\u00f3n de \u201cDi\u00e1logos para la Transformaci\u00f3n de Hidalgo\u201d le acompa\u00f1aron el coordinador de las actividades del Plan de Gobierno, Eduardo Med\u00e9cigo Rubio; la presidenta del Comit\u00e9 Ejecutivo Estatal de Morena, Sandra Alicia Ord\u00f3\u00f1ez y la diputada federal Simey Olvera Bautista.<\/p>\n","protected":false},"excerpt":{"rendered":"<p>El candidato com\u00fan de \u201cJuntos Hacemos Historia\u201d, Julio Menchaca Salazar, sostuvo un encuentro con militantes y simpatizantes del municipio de Atotonilco el Grande, en donde destac\u00f3 que m\u00e1s de 4 mil personas han contribuido de manera presencial a la construcci\u00f3n del Plan de Gobierno a trav\u00e9s de las mesas de trabajo de \u201cDi\u00e1logos para la [&hellip;]<\/p>\n","protected":false},"author":93,"featured_media":215203,"comment_status":"closed","ping_status":"closed","sticky":false,"template":"","format":"standard","meta":{"footnotes":""},"categories":[2373,59],"tags":[],"class_list":["post-215202","post","type-post","status-publish","format-standard","has-post-thumbnail","hentry","category-campanas-2022","category-general"],"_links":{"self":[{"href":"https:\/\/plazajuarez.mx\/historico\/wp-json\/wp\/v2\/posts\/215202","targetHints":{"allow":["GET"]}}],"collection":[{"href":"https:\/\/plazajuarez.mx\/historico\/wp-json\/wp\/v2\/posts"}],"about":[{"href":"https:\/\/plazajuarez.mx\/historico\/wp-json\/wp\/v2\/types\/post"}],"author":[{"embeddable":true,"href":"https:\/\/plazajuarez.mx\/historico\/wp-json\/wp\/v2\/users\/93"}],"replies":[{"embeddable":true,"href":"https:\/\/plazajuarez.mx\/historico\/wp-json\/wp\/v2\/comments?post=215202"}],"version-history":[{"count":0,"href":"https:\/\/plazajuarez.mx\/historico\/wp-json\/wp\/v2\/posts\/215202\/revisions"}],"wp:featuredmedia":[{"embeddable":true,"href":"https:\/\/plazajuarez.mx\/historico\/wp-json\/wp\/v2\/media\/215203"}],"wp:attachment":[{"href":"https:\/\/plazajuarez.mx\/historico\/wp-json\/wp\/v2\/media?parent=215202"}],"wp:term":[{"taxonomy":"category","embeddable":true,"href":"https:\/\/plazajuarez.mx\/historico\/wp-json\/wp\/v2\/categories?post=215202"},{"taxonomy":"post_tag","embeddable":true,"href":"https:\/\/plazajuarez.mx\/historico\/wp-json\/wp\/v2\/tags?post=215202"}],"curies":[{"name":"wp","href":"https:\/\/api.w.org\/{rel}","templated":true}]}}