{"id":2152,"date":"2015-03-13T06:00:00","date_gmt":"2015-03-13T06:00:00","guid":{"rendered":"http:\/\/plazajuarez.mx\/index\/index.php\/2015\/03\/13\/la-justicia-de-eu-declara-inocente-a-un-mexicano-tras-20-anos-preso\/"},"modified":"2015-03-13T06:00:00","modified_gmt":"2015-03-13T06:00:00","slug":"la-justicia-de-eu-declara-inocente-a-un-mexicano-tras-20-anos-preso","status":"publish","type":"post","link":"https:\/\/plazajuarez.mx\/historico\/la-justicia-de-eu-declara-inocente-a-un-mexicano-tras-20-anos-preso\/","title":{"rendered":"La Justicia de EU declara inocente  a un mexicano tras 20 a\u00f1os preso"},"content":{"rendered":"<ul>\n<li><strong><strong>El hombre es exonerado gracias a una prueba de ADN tras ser acusado de violaci\u00f3n<\/strong><\/strong> <!--more--> <\/li>\n<\/ul>\n<p>Washington.- Hace casi 24 horas que \u00c1ngel Gonz\u00e1lez no para de sonre\u00edr. Concretamente, desde que sali\u00f3 del penal de Dixon, en las afueras de Chicago, la noche del martes, tras ser exonerado de un crimen que no cometi\u00f3, pero que le ha hecho pasar 20 a\u00f1os en prisi\u00f3n. La mitad de la vida de este hombre de origen mexicano acusado en 1994 de violar a una mujer. Una prueba de ADN le ha dado la libertad tras luchar por su inocencia durante dos d\u00e9cadas.<\/p>\n<p>La amplia sonrisa que Gonz\u00e1lez acaba de recuperar, junto a su libertad, revela un hueco en su dentadura. A los 41 a\u00f1os, su mirada es tambi\u00e9n m\u00e1s seria que cuando fue detenido a los 20. Demasiado han visto esos ojos desde entonces. Aun as\u00ed, Gonz\u00e1lez asegura que no guarda resentimientos ni amargura por la media vida perdida a causa de un crimen que jam\u00e1s cometi\u00f3.<\/p>\n<p>&#8220;Cuando te encuentras en ese lugar y pasan cosas en tu vida sobre las que no tienes control, no puedes amargarte, tienes que buscar la fuerza para seguir luchando, para que no te dobleguen&#8221;, explic\u00f3 este mi\u00e9rcoles en la cadena MSNBC. Su ingl\u00e9s es ahora fluido. No como cuando, una noche de julio de 1994, fue arrestado porque su coche se parec\u00eda al que hab\u00edan usado los dos hombres que se llevaron a una mujer de su apartamento para violarla.<\/p>\n<p>No sirvi\u00f3 de nada que Gonz\u00e1lez guardara muy poco parecido con la descripci\u00f3n de los violadores proporcionada por la v\u00edctima, que \u00e9sta le reconociera en condiciones precarias, que careciera de antecedentes penales y que hasta cuatro testigos confirmaran durante el juicio que Gonz\u00e1lez y su novia estaban en la casa de la hermana de \u00e9sta. Acab\u00f3 siendo condenado a 40 a\u00f1os de c\u00e1rcel.<\/p>\n<p>La organizaci\u00f3n sin \u00e1nimo de lucro Innocence Project tom\u00f3 su caso en 2012. Acaba de lograr su liberaci\u00f3n al conseguir que se realizaran nuevos an\u00e1lisis de ADN a las pruebas que confirmaron la inocencia de Gonz\u00e1lez.<\/p>\n<p>Desde Innocence Project no se atreven a aseverar que el hecho de que Gonz\u00e1lez fuera hispano fuera el factor decisivo a la hora condenarlo. Para la organizaci\u00f3n dedicada a buscar exonerar a presos encarcelados err\u00f3neamente, este caso demuestra la necesidad de cambiar procedimientos de identificaci\u00f3n de los testigos, y ah\u00ed el tema de la raza s\u00ed desempe\u00f1a un papel importante.<\/p>\n<p>\u201cNumerosos estudios demuestran que la identificaci\u00f3n interracial -cuando el testigo o v\u00edctima es de raza distinta de la persona que se le muestra como posible autor de los hechos- son especialmente poco fiables\u201d, se\u00f1ala Peter Cates, del Innocence Project. En el caso de Gonz\u00e1lez, se a\u00f1aden las condiciones precarias en que se produjo la identificaci\u00f3n.<\/p>\n<p>\u201cGonz\u00e1lez, que es hispano, fue presentado a la v\u00edctima, que es blanca, esposado y a la luz de los faros de un veh\u00edculo mientras la v\u00edctima estaba sentada en el asiento trasero de otro coche patrulla. Y en el juicio, uno de los agentes admiti\u00f3 que, una vez que se realiz\u00f3 la identificaci\u00f3n, ninguna prueba habr\u00eda cambiado su opini\u00f3n\u201d sobre los hechos, agreg\u00f3. \u201cSi la polic\u00eda hubiera estado m\u00e1s abierta a la posibilidad de que la identificaci\u00f3n no era correcta y hubiera investigado bien su coartada, posiblemente se habr\u00eda podido evitar esta injusticia\u201d.<\/p>\n<p>Que la raza desempe\u00f1a un papel clave en la justicia es algo que ha denunciado el propio fiscal general, Eric Holder. \u00c9l ha criticado abiertamente la desproporcionada tasa carcelaria de las minor\u00edas, sobre todo la afroamericana, en EU.<\/p>\n<p>Seg\u00fan el Censo, los afroamericanos -la mayor poblaci\u00f3n carcelaria- son encarcelados, en promedio, cinco veces m\u00e1s que los blancos. En el caso de los hispanos la proporci\u00f3n es de dos a uno.<\/p>\n<p>Dicho de otra manera: en 2012, la tasa de presos blancos por cada 100.000 habitantes era de 463. En el caso de los negros la proporci\u00f3n era de 2.841 y de 1.158 en el de los latinos. (Agencias)<\/p>\n","protected":false},"excerpt":{"rendered":"<p>El hombre es exonerado gracias a una prueba de ADN tras ser acusado de violaci\u00f3n<\/p>\n","protected":false},"author":93,"featured_media":0,"comment_status":"open","ping_status":"open","sticky":false,"template":"","format":"standard","meta":{"footnotes":""},"categories":[31],"tags":[],"class_list":["post-2152","post","type-post","status-publish","format-standard","hentry","category-orbe"],"_links":{"self":[{"href":"https:\/\/plazajuarez.mx\/historico\/wp-json\/wp\/v2\/posts\/2152","targetHints":{"allow":["GET"]}}],"collection":[{"href":"https:\/\/plazajuarez.mx\/historico\/wp-json\/wp\/v2\/posts"}],"about":[{"href":"https:\/\/plazajuarez.mx\/historico\/wp-json\/wp\/v2\/types\/post"}],"author":[{"embeddable":true,"href":"https:\/\/plazajuarez.mx\/historico\/wp-json\/wp\/v2\/users\/93"}],"replies":[{"embeddable":true,"href":"https:\/\/plazajuarez.mx\/historico\/wp-json\/wp\/v2\/comments?post=2152"}],"version-history":[{"count":0,"href":"https:\/\/plazajuarez.mx\/historico\/wp-json\/wp\/v2\/posts\/2152\/revisions"}],"wp:attachment":[{"href":"https:\/\/plazajuarez.mx\/historico\/wp-json\/wp\/v2\/media?parent=2152"}],"wp:term":[{"taxonomy":"category","embeddable":true,"href":"https:\/\/plazajuarez.mx\/historico\/wp-json\/wp\/v2\/categories?post=2152"},{"taxonomy":"post_tag","embeddable":true,"href":"https:\/\/plazajuarez.mx\/historico\/wp-json\/wp\/v2\/tags?post=2152"}],"curies":[{"name":"wp","href":"https:\/\/api.w.org\/{rel}","templated":true}]}}