{"id":2151,"date":"2015-03-13T06:00:00","date_gmt":"2015-03-13T06:00:00","guid":{"rendered":"http:\/\/plazajuarez.mx\/index\/index.php\/2015\/03\/13\/se-frustra-primera-sesion-ordinaria-del-2015\/"},"modified":"2015-03-13T06:00:00","modified_gmt":"2015-03-13T06:00:00","slug":"se-frustra-primera-sesion-ordinaria-del-2015","status":"publish","type":"post","link":"https:\/\/plazajuarez.mx\/historico\/se-frustra-primera-sesion-ordinaria-del-2015\/","title":{"rendered":"Se frustra primera sesi\u00f3n ordinaria del 2015"},"content":{"rendered":"<p><strong>Ixmiquilpan<\/strong><\/p>\n<ul>\n<li><strong>Esta intentona fallida fue atestiguada por representantes del poder legislativo, de la Comisi\u00f3n Estatal de Derechos Humanos del Estado de Hidalgo, medios de comunicaci\u00f3n y representantes de la sociedad civil<\/strong><\/li>\n<li><strong>La sindico procuradora, Helena Hern\u00e1ndez, argument\u00f3 que el orden del d\u00eda estaba desfasado, incumpl\u00eda con la reglamentaci\u00f3n, pues de cinco puntos inicialmente, ahora hab\u00eda un concentrado de 25\u2026 legalmente eso no procede<\/strong><\/li>\n<li><strong><strong>Regidores, de manera colectiva, sostuvieron que aprobar\u00e1n en la primera sesi\u00f3n a realizarse posiblemente este viernes o en el transcurso de la semana, en caso de alcanzar acuerdos satisfactorios, \u00fanicamente los de mayor importancia<\/strong><\/strong> <!--more--> <\/li>\n<\/ul>\n<p>Representantes del poder legislativo, de la Comisi\u00f3n Estatal de Derechos Humanos del Estado de Hidalgo (CEDHEH), medios de comunicaci\u00f3n y representantes de la sociedad civil, atestiguaron la intenci\u00f3n de realizar la primera sesi\u00f3n ordinaria del 2015 por parte de la asamblea municipal de Ixmiquilpan.<\/p>\n<p>Con un retraso de m\u00e1s de tres horas, debido a que la convocatoria fue cambiada en dos ocasiones por parte del ejecutivo, finalmente los nueve integrantes del cabildo opositores, se presentaron, generando amplia expectativa.<\/p>\n<p>Previamente a acto protocolario para el inicio de la sesi\u00f3n, a nombre del bloque opositor, la s\u00edndico Helena Hern\u00e1ndez Ben\u00edtez y Eugenio Contreras Cort\u00e9s, solicitaron al presidente municipal, Cipriano Charrez, la realizaci\u00f3n de una mesa de di\u00e1logo, donde deb\u00edan establecerse medidas cautelares para garantizar la integridad de los asamble\u00edstas, asimismo una serie de acciones que les permitiera a ellos realizar su trabajo adecuadamente.<\/p>\n<p>Ante la negativa inicial de una mesa de di\u00e1logo por parte del ejecutivo, los regidores y s\u00edndicos, amenazaron con abandonar, sin embargo de ambas partes se mantuvo la prudencia, permitiendo avanzar en las negociaciones p\u00fablicas.<\/p>\n<p>Al final, la sesi\u00f3n ordinaria fue frustrada debido a que no se dieron las condiciones.<\/p>\n<p>La sindico procuradora, Helena Hern\u00e1ndez, argument\u00f3 que el orden del d\u00eda estaba desfasado, incumpl\u00eda con la reglamentaci\u00f3n, pues de cinco puntos inicialmente ahora hab\u00eda un concentrado de 25, legalmente eso no procede.<\/p>\n<p>De ah\u00ed vinieron los reproches, no s\u00f3lo de la bancada del PRI, tambi\u00e9n de la del PAN, donde acusaron al Presidente Municipal, de propiciar el ambiente envilecido actual, de utilizar la violencia para ganar votos en el cabildo y aprobar sus puntos del orden del d\u00eda sin que estos puedan debatirse.<\/p>\n<p>Posteriormente, de manera colectiva, sostuvieron que aprobar\u00e1n en la primera sesi\u00f3n a realizarse posiblemente este viernes o en el transcurso de la semana, en caso de alcanzar acuerdos satisfactorios, \u00fanicamente los de mayor importancia, los que tienen que ver con obra p\u00fablica, los asuntos pol\u00edticos ser\u00e1n pospuestos.<\/p>\n<p>Mientras que regidores afines a \u00e9l, entre ellos Jamid Salom\u00f3n Carpizo, salieron en su defensa, asegurando que la violencia nunca se ha hecho presente en el cabildo, asimismo a que la postura asumida por los nueve asamble\u00edstas es un capricho, entre otros argumentos, el di\u00e1logo continuaba.<\/p>\n<p>Al regidor, lo calificaron como vocero del alcalde, asimismo de beneficiarse econ\u00f3micamente y con obra p\u00fablica por parte del Ayuntamiento, por ello su postura de defensor.<\/p>\n<p>Hasta el cierre de esta edici\u00f3n, el ambiente tenso de negociaciones continuaba. Cabe precisar, que los nueve integrantes de la oposici\u00f3n advirtieron que de continuar la postura del alcalde, estar\u00edan retir\u00e1ndose de las mesas de trabajo.<\/p>\n<p>En tanto, un grupo numeroso de personas se apostaron a un costado de la carretera M\u00e9xico-Laredo a la altura de la comunidad de Juli\u00e1n Villagr\u00e1n, amenazando con bloquear nuevamente esta arteria.<\/p>\n","protected":false},"excerpt":{"rendered":"<p>Ixmiquilpan Esta intentona fallida fue atestiguada por representantes del poder legislativo, de la Comisi\u00f3n Estatal de Derechos Humanos del Estado de Hidalgo, medios de comunicaci\u00f3n y representantes de la sociedad civil La sindico procuradora, Helena Hern\u00e1ndez, argument\u00f3 que el orden del d\u00eda estaba desfasado, incumpl\u00eda con la reglamentaci\u00f3n, pues de cinco puntos inicialmente, ahora hab\u00eda [&hellip;]<\/p>\n","protected":false},"author":93,"featured_media":0,"comment_status":"open","ping_status":"open","sticky":false,"template":"","format":"standard","meta":{"footnotes":""},"categories":[40],"tags":[],"class_list":["post-2151","post","type-post","status-publish","format-standard","hentry","category-region"],"_links":{"self":[{"href":"https:\/\/plazajuarez.mx\/historico\/wp-json\/wp\/v2\/posts\/2151","targetHints":{"allow":["GET"]}}],"collection":[{"href":"https:\/\/plazajuarez.mx\/historico\/wp-json\/wp\/v2\/posts"}],"about":[{"href":"https:\/\/plazajuarez.mx\/historico\/wp-json\/wp\/v2\/types\/post"}],"author":[{"embeddable":true,"href":"https:\/\/plazajuarez.mx\/historico\/wp-json\/wp\/v2\/users\/93"}],"replies":[{"embeddable":true,"href":"https:\/\/plazajuarez.mx\/historico\/wp-json\/wp\/v2\/comments?post=2151"}],"version-history":[{"count":0,"href":"https:\/\/plazajuarez.mx\/historico\/wp-json\/wp\/v2\/posts\/2151\/revisions"}],"wp:attachment":[{"href":"https:\/\/plazajuarez.mx\/historico\/wp-json\/wp\/v2\/media?parent=2151"}],"wp:term":[{"taxonomy":"category","embeddable":true,"href":"https:\/\/plazajuarez.mx\/historico\/wp-json\/wp\/v2\/categories?post=2151"},{"taxonomy":"post_tag","embeddable":true,"href":"https:\/\/plazajuarez.mx\/historico\/wp-json\/wp\/v2\/tags?post=2151"}],"curies":[{"name":"wp","href":"https:\/\/api.w.org\/{rel}","templated":true}]}}