{"id":215096,"date":"2022-05-16T13:56:39","date_gmt":"2022-05-16T18:56:39","guid":{"rendered":"https:\/\/plazajuarez.mx\/?p=215096"},"modified":"2022-05-16T13:56:54","modified_gmt":"2022-05-16T18:56:54","slug":"hugo_sanchez-2","status":"publish","type":"post","link":"https:\/\/plazajuarez.mx\/historico\/hugo_sanchez-2\/","title":{"rendered":"Hugo S\u00e1nchez: Ya no me ilusiona volver a dirigir"},"content":{"rendered":"\n<p>Desde el 2012, Hugo S\u00e1nchez no ha vuelto a los banquillos. Ha dejado de dirigir.<\/p>\n\n\n\n<p>Despu\u00e9s de que el Almer\u00eda perdiera 2-1 ante el Espanyol de Barcelona, en 2009, el mexicano parec\u00eda quedarse sin regresar, pero en 2012 fue llamado por el Pachuca. Tras su aventura por los Tuzos, no lo ha hecho de nuevo.<\/p>\n\n\n\n<p>Han pasado ya 10 a\u00f1os desde la \u00faltima aventura de Hugo como entrenador, y la realidad es que por ahora no, &#8220;no me ilusiona volver a los banquillos, aunque estoy preparado si es que llega una buena oferta&#8221;.<\/p>\n\n\n\n<p>Hugo S\u00e1nchez hizo historia en su corta carrera como t\u00e9cnico. Inici\u00f3 en el 2000 con los Pumas, a los que hizo bicampeones en el 2004, los primeros en torneos cortos. Despu\u00e9s dirigi\u00f3 a Necaxa, Pachuca, hasta que tom\u00f3 a la Selecci\u00f3n Mexicana.<\/p>\n\n\n\n<p>Con el Tricolor fue subcampe\u00f3n de la Copa Oro del 2007 y tercer lugar de la Copa Am\u00e9rica de Venezuela en el mismo a\u00f1o.<\/p>\n\n\n\n<p>Al no clasificar a los Juegos Ol\u00edmpico de Pek\u00edn, fue destituido, para despu\u00e9s tomar el Almer\u00eda en la Liga de Espa\u00f1a.<\/p>\n\n\n\n<p>Hoy, en su faceta de comentarista y cabeza de su nuevo show &#8220;Hugo S\u00e1nchez Presenta&#8221;, acepta que no est\u00e1 muy ilusionado por volver a las canchas a dirigir.<\/p>\n\n\n\n<p>&#8220;Lo de la direcci\u00f3n t\u00e9cnica no es lo que est\u00e1 en mis prioridades por ahora. La ilusi\u00f3n no es la misma por ahora&#8221;, dijo para EL UNIVERSAL Deportes.<\/p>\n\n\n\n<p>Ha tenido ofertas para regresar, &#8220;la \u00faltima de Cruz Azul, todos supieron de esa. La directiva de Cruz Azul me ofreci\u00f3 el equipo antes que a Juan Reynoso, pero por una u otra causa, no se dio; en verdad me ilusionaba, porque Cruz Azul era un equipo grande, pero ahora\u2026&#8221;.<\/p>\n\n\n\n<p>No es que est\u00e9 cerrado, &#8220;pero en verdad tiene que ser un proyecto muy bueno, muy serio para hacer que me mueva de donde estoy, porque lo que hago ahora me gusta mucho&#8221;.<\/p>\n\n\n\n<p>Hugo S\u00e1nchez ser\u00e1 anfitri\u00f3n de &#8220;Hugo S\u00e1nchez Presenta&#8221;, un programa de entrevistas en donde el exdelantero del Real Madrid y la Selecci\u00f3n Mexicana, entrevistar\u00e1 a figuras del deporte, el espect\u00e1culo y m\u00e1s.<\/p>\n","protected":false},"excerpt":{"rendered":"<p>Desde el 2012, Hugo S\u00e1nchez no ha vuelto a los banquillos. Ha dejado de dirigir. Despu\u00e9s de que el Almer\u00eda perdiera 2-1 ante el Espanyol de Barcelona, en 2009, el mexicano parec\u00eda quedarse sin regresar, pero en 2012 fue llamado por el Pachuca. Tras su aventura por los Tuzos, no lo ha hecho de nuevo. [&hellip;]<\/p>\n","protected":false},"author":81,"featured_media":215097,"comment_status":"closed","ping_status":"closed","sticky":false,"template":"","format":"standard","meta":{"footnotes":""},"categories":[39],"tags":[2479],"class_list":["post-215096","post","type-post","status-publish","format-standard","has-post-thumbnail","hentry","category-deportiva","tag-hugo"],"_links":{"self":[{"href":"https:\/\/plazajuarez.mx\/historico\/wp-json\/wp\/v2\/posts\/215096","targetHints":{"allow":["GET"]}}],"collection":[{"href":"https:\/\/plazajuarez.mx\/historico\/wp-json\/wp\/v2\/posts"}],"about":[{"href":"https:\/\/plazajuarez.mx\/historico\/wp-json\/wp\/v2\/types\/post"}],"author":[{"embeddable":true,"href":"https:\/\/plazajuarez.mx\/historico\/wp-json\/wp\/v2\/users\/81"}],"replies":[{"embeddable":true,"href":"https:\/\/plazajuarez.mx\/historico\/wp-json\/wp\/v2\/comments?post=215096"}],"version-history":[{"count":0,"href":"https:\/\/plazajuarez.mx\/historico\/wp-json\/wp\/v2\/posts\/215096\/revisions"}],"wp:featuredmedia":[{"embeddable":true,"href":"https:\/\/plazajuarez.mx\/historico\/wp-json\/wp\/v2\/media\/215097"}],"wp:attachment":[{"href":"https:\/\/plazajuarez.mx\/historico\/wp-json\/wp\/v2\/media?parent=215096"}],"wp:term":[{"taxonomy":"category","embeddable":true,"href":"https:\/\/plazajuarez.mx\/historico\/wp-json\/wp\/v2\/categories?post=215096"},{"taxonomy":"post_tag","embeddable":true,"href":"https:\/\/plazajuarez.mx\/historico\/wp-json\/wp\/v2\/tags?post=215096"}],"curies":[{"name":"wp","href":"https:\/\/api.w.org\/{rel}","templated":true}]}}