{"id":2150,"date":"2015-03-13T06:00:00","date_gmt":"2015-03-13T06:00:00","guid":{"rendered":"http:\/\/plazajuarez.mx\/index\/index.php\/2015\/03\/13\/acuerdan-directivos-de-parques-acuaticos-y-balnearios-impedir-bloqueos-carreteros\/"},"modified":"2015-03-13T06:00:00","modified_gmt":"2015-03-13T06:00:00","slug":"acuerdan-directivos-de-parques-acuaticos-y-balnearios-impedir-bloqueos-carreteros","status":"publish","type":"post","link":"https:\/\/plazajuarez.mx\/historico\/acuerdan-directivos-de-parques-acuaticos-y-balnearios-impedir-bloqueos-carreteros\/","title":{"rendered":"Acuerdan directivos de parques acu\u00e1ticos y balnearios impedir bloqueos carreteros"},"content":{"rendered":"<p><strong>Ixmiquilpan<\/strong><\/p>\n<ul>\n<li><strong>Dicen que con ellos se est\u00e1 ahuyentando el turismo<\/strong>\u00a0 <!--more--> <\/li>\n<\/ul>\n<p>Integrantes de parques acu\u00e1ticos y balnearios de la regi\u00f3n, acordaron que de realizarse un bloqueo carretero m\u00e1s, se ver\u00e1n obligados a intervenir para desalojar a los manifestantes, principalmente los relacionados con las organizaciones SION, MIO, AVANCE y Bicentenario.<\/p>\n<p>Representantes de 15 desarrollos tur\u00edsticos de este ramo, establecieron un acuerdo definitivo, intervenir por medio de la presi\u00f3n social para retirar cualquier bloqueo carretero, esto ante las amenazas de nuevas manifestaciones similares.<\/p>\n<p>Reunidos en la comunidad de El Teph\u00e9, acordaron que no permitir\u00e1n m\u00e1s cierres carreteros, debido a que se est\u00e1 ahuyentando al turismo, m\u00e1s en esta temporada alta y porque se acerca la Semana Santa, cuando m\u00e1s visitantes llegan a este corredor.<\/p>\n<p>Cuestionaron la imagen que est\u00e1 proyectando el municipio de Ixmiquilpan, debido a que estas manifestaciones est\u00e1n trascendiendo m\u00e1s all\u00e1 de Hidalgo, un problema que ya se refleja en la baja afluencia de visitantes.<\/p>\n<p>Ante el escenario planteado por las organizaciones que encabezan estas manifestaciones, los representantes de los desarrollos tur\u00edsticos, advirtieron su disposici\u00f3n de establecer la fuerza para liberar los accesos a esta regi\u00f3n, debido a que Ixmiquilpan es paso obligado.<\/p>\n<p>Cabe se\u00f1alar, que la Asociaci\u00f3n de Balnearios y Parques Acu\u00e1ticos del Mezquital, conformada por 15 empresas, desde su formaci\u00f3n, se manifestaron en contra de las manifestaciones violentas o que incluyan cierres de carreteras, debido a que es el principal lastre para que los turistas visiten este corredor.<\/p>\n<p>En d\u00edas recientes, el presidente del parque acu\u00e1tico El Teph\u00e9, Jos\u00e9 Huerta Vite, destac\u00f3 la importancia de mantener en paz al municipio de Ixmiquilpan, debido a que son miles las familias de la regi\u00f3n que sobreviven del turismo, actualmente afectados los empleos debido a las constantes manifestaciones sociales promovidas por estas organizaciones.<\/p>\n","protected":false},"excerpt":{"rendered":"<p>Ixmiquilpan Dicen que con ellos se est\u00e1 ahuyentando el turismo\u00a0<\/p>\n","protected":false},"author":93,"featured_media":0,"comment_status":"open","ping_status":"open","sticky":false,"template":"","format":"standard","meta":{"footnotes":""},"categories":[40],"tags":[],"class_list":["post-2150","post","type-post","status-publish","format-standard","hentry","category-region"],"_links":{"self":[{"href":"https:\/\/plazajuarez.mx\/historico\/wp-json\/wp\/v2\/posts\/2150","targetHints":{"allow":["GET"]}}],"collection":[{"href":"https:\/\/plazajuarez.mx\/historico\/wp-json\/wp\/v2\/posts"}],"about":[{"href":"https:\/\/plazajuarez.mx\/historico\/wp-json\/wp\/v2\/types\/post"}],"author":[{"embeddable":true,"href":"https:\/\/plazajuarez.mx\/historico\/wp-json\/wp\/v2\/users\/93"}],"replies":[{"embeddable":true,"href":"https:\/\/plazajuarez.mx\/historico\/wp-json\/wp\/v2\/comments?post=2150"}],"version-history":[{"count":0,"href":"https:\/\/plazajuarez.mx\/historico\/wp-json\/wp\/v2\/posts\/2150\/revisions"}],"wp:attachment":[{"href":"https:\/\/plazajuarez.mx\/historico\/wp-json\/wp\/v2\/media?parent=2150"}],"wp:term":[{"taxonomy":"category","embeddable":true,"href":"https:\/\/plazajuarez.mx\/historico\/wp-json\/wp\/v2\/categories?post=2150"},{"taxonomy":"post_tag","embeddable":true,"href":"https:\/\/plazajuarez.mx\/historico\/wp-json\/wp\/v2\/tags?post=2150"}],"curies":[{"name":"wp","href":"https:\/\/api.w.org\/{rel}","templated":true}]}}